{"id":3086,"date":"2018-09-25T17:04:39","date_gmt":"2018-09-25T15:04:39","guid":{"rendered":"https:\/\/loom-prod.com\/jardins-lam-villeneuve-dascq-france-video-mapping-festival-2018\/"},"modified":"2018-12-21T03:09:21","modified_gmt":"2018-12-21T02:09:21","slug":"jardins-lam-villeneuve-dascq-france-video-mapping-festival-2018","status":"publish","type":"post","link":"https:\/\/loom-prod.com\/en\/jardins-lam-villeneuve-dascq-france-video-mapping-festival-2018\/","title":{"rendered":"THE GARDENS &#8211; LaM, Villeneuve d&#8217;Ascq, France &#8211; Video Mapping Festival 2018"},"content":{"rendered":"<p><iframe loading=\"lazy\" src=\"https:\/\/player.vimeo.com\/video\/285309664?app_id=122963\" width=\"1104\" height=\"621\" frameborder=\"0\" title=\"Video Mapping Festival #1 : LES JARDINS, LaM, VILLENEUVE D&#039;ASCQ - mai 2018\" allow=\"autoplay; fullscreen\" allowfullscreen><\/iframe><\/p>\n<p>Video mapping on plants created by Loom Prod, as part of the Video Mapping Festival #1.<\/p>\n<p>Walk in the museum park, where micro mapping on sculptures and plants will lead you to the monument video mapping on the facade of the LaM.<br \/>\nAs part of the closing of the exhibition: Nicolas Sch\u00f6ffer.R\u00e9troprospective.<\/p>\n<p><strong>Animation: <\/strong>Claudia CORT\u00c9S ESPEJO, G\u00e9rvaise DUCHAUSSOY, Ma\u00ebva JACQUES, Simon LEBON, Cyril LE LEVREUR<br \/>\n<strong>Interactiviy: <\/strong> Vincent CRAUET, Frederic HAUDEGOND<br \/>\n<strong>Sound design:<\/strong> Aleksi AUBRY-CARLSON, Vincent HARENDARCZYK<br \/>\n<strong>Artistic coordination:<\/strong> Ludovic BURCZYKOWSKI<\/p>\n<p><em>With the support of the M\u00e9tropole Europ\u00e9enne de Lille, the Hauts-de-France Region, Drac Hauts-de-France and the Lille Metropole\u2019s museum of modern art, contemporary art and Art Brut.<\/em><\/p>\n<p><strong>More info: <a href=\"http:\/\/videomappingfestival.com\" target=\"_blank\" rel=\"noopener\">videomappingfestival.com<\/a><br \/>\n<a href=\"http:\/\/www.facebook.com\/VideoMappingFestival\" target=\"_blank\" rel=\"noopener\">Facebook<\/a><\/strong><\/p>\n<div class=\"simple-taxonomy\">\n\t<div class=\"taxonomy-item-mapping\"><a href=\"https:\/\/loom-prod.com\/en\/item-mapping\/itinerary\/\" rel=\"tag\">Itinerary<\/a>, <a href=\"https:\/\/loom-prod.com\/en\/item-mapping\/mapping-sur-objet\/\" rel=\"tag\">Object video mapping<\/a><\/div>\n\t<div class=\"taxonomy-item-lieu\"><a href=\"https:\/\/loom-prod.com\/en\/item-lieu\/hauts-de-france-en\/\" rel=\"tag\">Hauts-de-France<\/a><\/div>\n\t<div class=\"taxonomy-item-dates\"><a href=\"https:\/\/loom-prod.com\/en\/item-dates\/2018-en\/\" rel=\"tag\">2018<\/a><\/div>\n\n<\/div>\n","protected":false},"excerpt":{"rendered":"<p>Video mapping on plants created by Loom Prod, as part of the Video Mapping Festival #1. Walk in the museum park, where micro mapping on sculptures and plants will lead you to the monument video mapping on the facade of the LaM. As part of the closing of the exhibition: Nicolas Sch\u00f6ffer.R\u00e9troprospective. Animation: Claudia CORT\u00c9S [&hellip;]<\/p>\n<div class=\"simple-taxonomy\">\n\t<div class=\"taxonomy-item-mapping\"><a href=\"https:\/\/loom-prod.com\/en\/item-mapping\/itinerary\/\" rel=\"tag\">Itinerary<\/a>, <a href=\"https:\/\/loom-prod.com\/en\/item-mapping\/mapping-sur-objet\/\" rel=\"tag\">Object video mapping<\/a><\/div>\n\t<div class=\"taxonomy-item-lieu\"><a href=\"https:\/\/loom-prod.com\/en\/item-lieu\/hauts-de-france-en\/\" rel=\"tag\">Hauts-de-France<\/a><\/div>\n\t<div class=\"taxonomy-item-dates\"><a href=\"https:\/\/loom-prod.com\/en\/item-dates\/2018-en\/\" rel=\"tag\">2018<\/a><\/div>\n\n<\/div>\n","protected":false},"author":3,"featured_media":3085,"comment_status":"closed","ping_status":"closed","sticky":false,"template":"","format":"standard","meta":{"_acf_changed":false,"footnotes":""},"categories":[693,692],"tags":[714,342,740,118,473,124,758,753,121,747,748,251,718,111,116,105,262,108,750,743,548,762],"item-mapping":[563,159],"item-lieu":[281],"item-dates":[708],"class_list":["post-3086","post","type-post","status-publish","format-standard","has-post-thumbnail","hentry","category-itinerary","category-object-video-mapping","tag-2018-en","tag-aleksi-aubry-carlson-en","tag-claudia-cortes-espejo-en","tag-covering","tag-cyril-le-levreur-en","tag-transcient","tag-frederic-haudegond-en","tag-gervaise-duchaussoy-en","tag-interactive","tag-lam-en","tag-loom-prod-en","tag-ludovic-burczykowski-en","tag-maeva-jacques-en","tag-object-video-mapping","tag-outdoor","tag-production-en","tag-simon-lebon-en","tag-video-mapping-festival-en","tag-villeneuve-dascq-en","tag-villeneuve-dascq","tag-vincent-crauet-en","tag-vincent-harendarczyk-en","item-mapping-itinerary","item-mapping-mapping-sur-objet","item-lieu-hauts-de-france-en","item-dates-2018-en"],"acf":[],"yoast_head":"<!-- This site is optimized with the Yoast SEO plugin v26.1.1 - https:\/\/yoast.com\/wordpress\/plugins\/seo\/ -->\n<title>THE GARDENS - LaM, Villeneuve d&#039;Ascq, France - Video Mapping Festival 2018<\/title>\n<meta name=\"description\" content=\"Video mapping on plants created by Loom Prod, as part of the Video Mapping Festival #1.\" \/>\n<meta name=\"robots\" content=\"index, follow, max-snippet:-1, max-image-preview:large, max-video-preview:-1\" \/>\n<link rel=\"canonical\" href=\"https:\/\/loom-prod.com\/jardins-lam-villeneuve-dascq-france-video-mapping-festival-2018\/\" \/>\n<meta property=\"og:locale\" content=\"en_US\" \/>\n<meta property=\"og:type\" content=\"article\" \/>\n<meta property=\"og:title\" content=\"THE GARDENS - LaM, Villeneuve d&#039;Ascq, France - Video Mapping Festival 2018\" \/>\n<meta property=\"og:description\" content=\"Video mapping on plants created by Loom Prod, as part of the Video Mapping Festival #1.\" \/>\n<meta property=\"og:url\" content=\"https:\/\/loom-prod.com\/jardins-lam-villeneuve-dascq-france-video-mapping-festival-2018\/\" \/>\n<meta property=\"og:site_name\" content=\"Loom Prod | Soci\u00e9t\u00e9 de production coop\u00e9rative de video mapping\" \/>\n<meta property=\"article:published_time\" content=\"2018-09-25T15:04:39+00:00\" \/>\n<meta property=\"article:modified_time\" content=\"2018-12-21T02:09:21+00:00\" \/>\n<meta property=\"og:image\" content=\"https:\/\/loom-prod.com\/wp-content\/uploads\/2018\/09\/les-jardins-lam-villeneuve-dascq.jpg\" \/>\n\t<meta property=\"og:image:width\" content=\"640\" \/>\n\t<meta property=\"og:image:height\" content=\"360\" \/>\n\t<meta property=\"og:image:type\" content=\"image\/jpeg\" \/>\n<meta name=\"author\" content=\"Edimestre\" \/>\n<meta name=\"twitter:card\" content=\"summary_large_image\" \/>\n<meta name=\"twitter:label1\" content=\"Written by\" \/>\n\t<meta name=\"twitter:data1\" content=\"Edimestre\" \/>\n\t<meta name=\"twitter:label2\" content=\"Est. reading time\" \/>\n\t<meta name=\"twitter:data2\" content=\"1 minute\" \/>\n<script type=\"application\/ld+json\" class=\"yoast-schema-graph\">{\"@context\":\"https:\/\/schema.org\",\"@graph\":[{\"@type\":\"Article\",\"@id\":\"https:\/\/loom-prod.com\/jardins-lam-villeneuve-dascq-france-video-mapping-festival-2018\/#article\",\"isPartOf\":{\"@id\":\"https:\/\/loom-prod.com\/jardins-lam-villeneuve-dascq-france-video-mapping-festival-2018\/\"},\"author\":{\"name\":\"Edimestre\",\"@id\":\"https:\/\/loom-prod.com\/#\/schema\/person\/506136ad599d9c386ea59407d183cef8\"},\"headline\":\"THE GARDENS &#8211; LaM, Villeneuve d&#8217;Ascq, France &#8211; Video Mapping Festival 2018\",\"datePublished\":\"2018-09-25T15:04:39+00:00\",\"dateModified\":\"2018-12-21T02:09:21+00:00\",\"mainEntityOfPage\":{\"@id\":\"https:\/\/loom-prod.com\/jardins-lam-villeneuve-dascq-france-video-mapping-festival-2018\/\"},\"wordCount\":135,\"publisher\":{\"@id\":\"https:\/\/loom-prod.com\/#organization\"},\"image\":{\"@id\":\"https:\/\/loom-prod.com\/jardins-lam-villeneuve-dascq-france-video-mapping-festival-2018\/#primaryimage\"},\"thumbnailUrl\":\"https:\/\/loom-prod.com\/wp-content\/uploads\/2018\/09\/les-jardins-lam-villeneuve-dascq.jpg\",\"keywords\":[\"2018\",\"Aleksi Aubry-Carlson\",\"Claudia CORT\u00c9S ESPEJO\",\"Covering\",\"Cyril Le Levreur\",\"Ephemeral\",\"Frederic HAUDEGOND\",\"Gervaise Duchaussoy\",\"interactive\",\"LaM\",\"Loom Prod\",\"Ludovic Burczykowski\",\"Ma\u00ebva JACQUES\",\"Object video mapping\",\"Outdoor\",\"Production\",\"Simon Lebon\",\"Video Mapping Festival\",\"Villeneuve d&rsquo;Ascq\",\"Villeneuve d'Ascq\",\"Vincent Crauet\",\"Vincent HARENDARCZYK\"],\"articleSection\":[\"Itinerary\",\"Object video mapping\"],\"inLanguage\":\"en-US\"},{\"@type\":\"WebPage\",\"@id\":\"https:\/\/loom-prod.com\/jardins-lam-villeneuve-dascq-france-video-mapping-festival-2018\/\",\"url\":\"https:\/\/loom-prod.com\/jardins-lam-villeneuve-dascq-france-video-mapping-festival-2018\/\",\"name\":\"THE GARDENS - LaM, Villeneuve d'Ascq, France - Video Mapping Festival 2018\",\"isPartOf\":{\"@id\":\"https:\/\/loom-prod.com\/#website\"},\"primaryImageOfPage\":{\"@id\":\"https:\/\/loom-prod.com\/jardins-lam-villeneuve-dascq-france-video-mapping-festival-2018\/#primaryimage\"},\"image\":{\"@id\":\"https:\/\/loom-prod.com\/jardins-lam-villeneuve-dascq-france-video-mapping-festival-2018\/#primaryimage\"},\"thumbnailUrl\":\"https:\/\/loom-prod.com\/wp-content\/uploads\/2018\/09\/les-jardins-lam-villeneuve-dascq.jpg\",\"datePublished\":\"2018-09-25T15:04:39+00:00\",\"dateModified\":\"2018-12-21T02:09:21+00:00\",\"description\":\"Video mapping on plants created by Loom Prod, as part of the Video Mapping Festival #1.\",\"breadcrumb\":{\"@id\":\"https:\/\/loom-prod.com\/jardins-lam-villeneuve-dascq-france-video-mapping-festival-2018\/#breadcrumb\"},\"inLanguage\":\"en-US\",\"potentialAction\":[{\"@type\":\"ReadAction\",\"target\":[\"https:\/\/loom-prod.com\/jardins-lam-villeneuve-dascq-france-video-mapping-festival-2018\/\"]}]},{\"@type\":\"ImageObject\",\"inLanguage\":\"en-US\",\"@id\":\"https:\/\/loom-prod.com\/jardins-lam-villeneuve-dascq-france-video-mapping-festival-2018\/#primaryimage\",\"url\":\"https:\/\/loom-prod.com\/wp-content\/uploads\/2018\/09\/les-jardins-lam-villeneuve-dascq.jpg\",\"contentUrl\":\"https:\/\/loom-prod.com\/wp-content\/uploads\/2018\/09\/les-jardins-lam-villeneuve-dascq.jpg\",\"width\":640,\"height\":360},{\"@type\":\"BreadcrumbList\",\"@id\":\"https:\/\/loom-prod.com\/jardins-lam-villeneuve-dascq-france-video-mapping-festival-2018\/#breadcrumb\",\"itemListElement\":[{\"@type\":\"ListItem\",\"position\":1,\"name\":\"Accueil\",\"item\":\"https:\/\/loom-prod.com\/?lang=en\"},{\"@type\":\"ListItem\",\"position\":2,\"name\":\"THE GARDENS &#8211; LaM, Villeneuve d&#8217;Ascq, France &#8211; Video Mapping Festival 2018\"}]},{\"@type\":\"WebSite\",\"@id\":\"https:\/\/loom-prod.com\/#website\",\"url\":\"https:\/\/loom-prod.com\/\",\"name\":\"Loom Prod | Soci\u00e9t\u00e9 de production coop\u00e9rative de video mapping\",\"description\":\"Loom Prod | Soci\u00e9t\u00e9 de production coop\u00e9rative de video mapping\",\"publisher\":{\"@id\":\"https:\/\/loom-prod.com\/#organization\"},\"potentialAction\":[{\"@type\":\"SearchAction\",\"target\":{\"@type\":\"EntryPoint\",\"urlTemplate\":\"https:\/\/loom-prod.com\/?s={search_term_string}\"},\"query-input\":{\"@type\":\"PropertyValueSpecification\",\"valueRequired\":true,\"valueName\":\"search_term_string\"}}],\"inLanguage\":\"en-US\"},{\"@type\":\"Organization\",\"@id\":\"https:\/\/loom-prod.com\/#organization\",\"name\":\"Video Mapping European Center\",\"url\":\"https:\/\/loom-prod.com\/\",\"logo\":{\"@type\":\"ImageObject\",\"inLanguage\":\"en-US\",\"@id\":\"https:\/\/loom-prod.com\/#\/schema\/logo\/image\/\",\"url\":\"https:\/\/loom-prod.com\/wp-content\/uploads\/2017\/07\/logo-v3.png\",\"contentUrl\":\"https:\/\/loom-prod.com\/wp-content\/uploads\/2017\/07\/logo-v3.png\",\"width\":300,\"height\":135,\"caption\":\"Video Mapping European Center\"},\"image\":{\"@id\":\"https:\/\/loom-prod.com\/#\/schema\/logo\/image\/\"}},{\"@type\":\"Person\",\"@id\":\"https:\/\/loom-prod.com\/#\/schema\/person\/506136ad599d9c386ea59407d183cef8\",\"name\":\"Edimestre\",\"image\":{\"@type\":\"ImageObject\",\"inLanguage\":\"en-US\",\"@id\":\"https:\/\/loom-prod.com\/#\/schema\/person\/image\/\",\"url\":\"https:\/\/loom-prod.com\/wp-content\/uploads\/2017\/11\/favicon.jpg\",\"contentUrl\":\"https:\/\/loom-prod.com\/wp-content\/uploads\/2017\/11\/favicon.jpg\",\"caption\":\"Edimestre\"}}]}<\/script>\n<!-- \/ Yoast SEO plugin. -->","yoast_head_json":{"title":"THE GARDENS - LaM, Villeneuve d'Ascq, France - Video Mapping Festival 2018","description":"Video mapping on plants created by Loom Prod, as part of the Video Mapping Festival #1.","robots":{"index":"index","follow":"follow","max-snippet":"max-snippet:-1","max-image-preview":"max-image-preview:large","max-video-preview":"max-video-preview:-1"},"canonical":"https:\/\/loom-prod.com\/jardins-lam-villeneuve-dascq-france-video-mapping-festival-2018\/","og_locale":"en_US","og_type":"article","og_title":"THE GARDENS - LaM, Villeneuve d'Ascq, France - Video Mapping Festival 2018","og_description":"Video mapping on plants created by Loom Prod, as part of the Video Mapping Festival #1.","og_url":"https:\/\/loom-prod.com\/jardins-lam-villeneuve-dascq-france-video-mapping-festival-2018\/","og_site_name":"Loom Prod | Soci\u00e9t\u00e9 de production coop\u00e9rative de video mapping","article_published_time":"2018-09-25T15:04:39+00:00","article_modified_time":"2018-12-21T02:09:21+00:00","og_image":[{"width":640,"height":360,"url":"https:\/\/loom-prod.com\/wp-content\/uploads\/2018\/09\/les-jardins-lam-villeneuve-dascq.jpg","type":"image\/jpeg"}],"author":"Edimestre","twitter_card":"summary_large_image","twitter_misc":{"Written by":"Edimestre","Est. reading time":"1 minute"},"schema":{"@context":"https:\/\/schema.org","@graph":[{"@type":"Article","@id":"https:\/\/loom-prod.com\/jardins-lam-villeneuve-dascq-france-video-mapping-festival-2018\/#article","isPartOf":{"@id":"https:\/\/loom-prod.com\/jardins-lam-villeneuve-dascq-france-video-mapping-festival-2018\/"},"author":{"name":"Edimestre","@id":"https:\/\/loom-prod.com\/#\/schema\/person\/506136ad599d9c386ea59407d183cef8"},"headline":"THE GARDENS &#8211; LaM, Villeneuve d&#8217;Ascq, France &#8211; Video Mapping Festival 2018","datePublished":"2018-09-25T15:04:39+00:00","dateModified":"2018-12-21T02:09:21+00:00","mainEntityOfPage":{"@id":"https:\/\/loom-prod.com\/jardins-lam-villeneuve-dascq-france-video-mapping-festival-2018\/"},"wordCount":135,"publisher":{"@id":"https:\/\/loom-prod.com\/#organization"},"image":{"@id":"https:\/\/loom-prod.com\/jardins-lam-villeneuve-dascq-france-video-mapping-festival-2018\/#primaryimage"},"thumbnailUrl":"https:\/\/loom-prod.com\/wp-content\/uploads\/2018\/09\/les-jardins-lam-villeneuve-dascq.jpg","keywords":["2018","Aleksi Aubry-Carlson","Claudia CORT\u00c9S ESPEJO","Covering","Cyril Le Levreur","Ephemeral","Frederic HAUDEGOND","Gervaise Duchaussoy","interactive","LaM","Loom Prod","Ludovic Burczykowski","Ma\u00ebva JACQUES","Object video mapping","Outdoor","Production","Simon Lebon","Video Mapping Festival","Villeneuve d&rsquo;Ascq","Villeneuve d'Ascq","Vincent Crauet","Vincent HARENDARCZYK"],"articleSection":["Itinerary","Object video mapping"],"inLanguage":"en-US"},{"@type":"WebPage","@id":"https:\/\/loom-prod.com\/jardins-lam-villeneuve-dascq-france-video-mapping-festival-2018\/","url":"https:\/\/loom-prod.com\/jardins-lam-villeneuve-dascq-france-video-mapping-festival-2018\/","name":"THE GARDENS - LaM, Villeneuve d'Ascq, France - Video Mapping Festival 2018","isPartOf":{"@id":"https:\/\/loom-prod.com\/#website"},"primaryImageOfPage":{"@id":"https:\/\/loom-prod.com\/jardins-lam-villeneuve-dascq-france-video-mapping-festival-2018\/#primaryimage"},"image":{"@id":"https:\/\/loom-prod.com\/jardins-lam-villeneuve-dascq-france-video-mapping-festival-2018\/#primaryimage"},"thumbnailUrl":"https:\/\/loom-prod.com\/wp-content\/uploads\/2018\/09\/les-jardins-lam-villeneuve-dascq.jpg","datePublished":"2018-09-25T15:04:39+00:00","dateModified":"2018-12-21T02:09:21+00:00","description":"Video mapping on plants created by Loom Prod, as part of the Video Mapping Festival #1.","breadcrumb":{"@id":"https:\/\/loom-prod.com\/jardins-lam-villeneuve-dascq-france-video-mapping-festival-2018\/#breadcrumb"},"inLanguage":"en-US","potentialAction":[{"@type":"ReadAction","target":["https:\/\/loom-prod.com\/jardins-lam-villeneuve-dascq-france-video-mapping-festival-2018\/"]}]},{"@type":"ImageObject","inLanguage":"en-US","@id":"https:\/\/loom-prod.com\/jardins-lam-villeneuve-dascq-france-video-mapping-festival-2018\/#primaryimage","url":"https:\/\/loom-prod.com\/wp-content\/uploads\/2018\/09\/les-jardins-lam-villeneuve-dascq.jpg","contentUrl":"https:\/\/loom-prod.com\/wp-content\/uploads\/2018\/09\/les-jardins-lam-villeneuve-dascq.jpg","width":640,"height":360},{"@type":"BreadcrumbList","@id":"https:\/\/loom-prod.com\/jardins-lam-villeneuve-dascq-france-video-mapping-festival-2018\/#breadcrumb","itemListElement":[{"@type":"ListItem","position":1,"name":"Accueil","item":"https:\/\/loom-prod.com\/?lang=en"},{"@type":"ListItem","position":2,"name":"THE GARDENS &#8211; LaM, Villeneuve d&#8217;Ascq, France &#8211; Video Mapping Festival 2018"}]},{"@type":"WebSite","@id":"https:\/\/loom-prod.com\/#website","url":"https:\/\/loom-prod.com\/","name":"Loom Prod | Soci\u00e9t\u00e9 de production coop\u00e9rative de video mapping","description":"Loom Prod | Soci\u00e9t\u00e9 de production coop\u00e9rative de video mapping","publisher":{"@id":"https:\/\/loom-prod.com\/#organization"},"potentialAction":[{"@type":"SearchAction","target":{"@type":"EntryPoint","urlTemplate":"https:\/\/loom-prod.com\/?s={search_term_string}"},"query-input":{"@type":"PropertyValueSpecification","valueRequired":true,"valueName":"search_term_string"}}],"inLanguage":"en-US"},{"@type":"Organization","@id":"https:\/\/loom-prod.com\/#organization","name":"Video Mapping European Center","url":"https:\/\/loom-prod.com\/","logo":{"@type":"ImageObject","inLanguage":"en-US","@id":"https:\/\/loom-prod.com\/#\/schema\/logo\/image\/","url":"https:\/\/loom-prod.com\/wp-content\/uploads\/2017\/07\/logo-v3.png","contentUrl":"https:\/\/loom-prod.com\/wp-content\/uploads\/2017\/07\/logo-v3.png","width":300,"height":135,"caption":"Video Mapping European Center"},"image":{"@id":"https:\/\/loom-prod.com\/#\/schema\/logo\/image\/"}},{"@type":"Person","@id":"https:\/\/loom-prod.com\/#\/schema\/person\/506136ad599d9c386ea59407d183cef8","name":"Edimestre","image":{"@type":"ImageObject","inLanguage":"en-US","@id":"https:\/\/loom-prod.com\/#\/schema\/person\/image\/","url":"https:\/\/loom-prod.com\/wp-content\/uploads\/2017\/11\/favicon.jpg","contentUrl":"https:\/\/loom-prod.com\/wp-content\/uploads\/2017\/11\/favicon.jpg","caption":"Edimestre"}}]}},"_links":{"self":[{"href":"https:\/\/loom-prod.com\/en\/wp-json\/wp\/v2\/posts\/3086","targetHints":{"allow":["GET"]}}],"collection":[{"href":"https:\/\/loom-prod.com\/en\/wp-json\/wp\/v2\/posts"}],"about":[{"href":"https:\/\/loom-prod.com\/en\/wp-json\/wp\/v2\/types\/post"}],"author":[{"embeddable":true,"href":"https:\/\/loom-prod.com\/en\/wp-json\/wp\/v2\/users\/3"}],"replies":[{"embeddable":true,"href":"https:\/\/loom-prod.com\/en\/wp-json\/wp\/v2\/comments?post=3086"}],"version-history":[{"count":3,"href":"https:\/\/loom-prod.com\/en\/wp-json\/wp\/v2\/posts\/3086\/revisions"}],"predecessor-version":[{"id":3120,"href":"https:\/\/loom-prod.com\/en\/wp-json\/wp\/v2\/posts\/3086\/revisions\/3120"}],"wp:featuredmedia":[{"embeddable":true,"href":"https:\/\/loom-prod.com\/en\/wp-json\/wp\/v2\/media\/3085"}],"wp:attachment":[{"href":"https:\/\/loom-prod.com\/en\/wp-json\/wp\/v2\/media?parent=3086"}],"wp:term":[{"taxonomy":"category","embeddable":true,"href":"https:\/\/loom-prod.com\/en\/wp-json\/wp\/v2\/categories?post=3086"},{"taxonomy":"post_tag","embeddable":true,"href":"https:\/\/loom-prod.com\/en\/wp-json\/wp\/v2\/tags?post=3086"},{"taxonomy":"item-mapping","embeddable":true,"href":"https:\/\/loom-prod.com\/en\/wp-json\/wp\/v2\/item-mapping?post=3086"},{"taxonomy":"item-lieu","embeddable":true,"href":"https:\/\/loom-prod.com\/en\/wp-json\/wp\/v2\/item-lieu?post=3086"},{"taxonomy":"item-dates","embeddable":true,"href":"https:\/\/loom-prod.com\/en\/wp-json\/wp\/v2\/item-dates?post=3086"}],"curies":[{"name":"wp","href":"https:\/\/api.w.org\/{rel}","templated":true}]}}