{"id":3177,"date":"2018-09-26T23:00:29","date_gmt":"2018-09-26T21:00:29","guid":{"rendered":"https:\/\/loom-prod.com\/deambulation-lam-villeneuve-dascq-france-video-mapping-festival-2018\/"},"modified":"2018-12-21T02:22:49","modified_gmt":"2018-12-21T01:22:49","slug":"deambulation-lam-villeneuve-dascq-france-video-mapping-festival-2018","status":"publish","type":"post","link":"https:\/\/loom-prod.com\/en\/deambulation-lam-villeneuve-dascq-france-video-mapping-festival-2018\/","title":{"rendered":"WALK AT THE LaM &#8211; Villeneuve d&#8217;Ascq, France &#8211; Video Mapping Festival 2018"},"content":{"rendered":"<p><iframe loading=\"lazy\" src=\"https:\/\/player.vimeo.com\/video\/281179202?app_id=122963\" width=\"1104\" height=\"621\" frameborder=\"0\" title=\"Video Mapping Festival #1 : D&Eacute;AMBULATION AU LAM, VILLENEUVE D&#039;ASCQ - mai 2018\" allow=\"autoplay; fullscreen\" allowfullscreen><\/iframe><\/p>\n<p>Series of video mapping created by Loom Prod, as part of the Video Mapping Festival #1.<\/p>\n<p>Walk in the museum park, where micro mapping on sculptures and plants will lead you to the monument video mapping on the facade of the LaM.<br \/>\nAs part of the closing of the exhibition: <em>Nicolas Sch\u00f6ffer.R\u00e9troprospective<\/em>.<\/p>\n<p><strong>Artistic coordination:<\/strong> Ludovic BURCZYKOWSKI<\/p>\n<p><strong>\u2022 THE GARDENS<\/strong><\/p>\n<p><strong>Visual design:<\/strong> Claudia CORT\u00c9S ESPEJO, Gervaise DUCHAUSSOY, Ma\u00ebva JACQUES, Simon LEBON, Cyril LE LEVREUR<br \/>\n<strong>Interactivity:<\/strong> Vincent CRAUET, Frederic HAUDEGOND<br \/>\n<strong>Sound design: <\/strong>Aleksi AUBRY-CARLSON, Vincent HARENDARCZYK<\/p>\n<p><strong>\u2022 MATERNIT\u00c9 (Jean Roulland)<\/strong><\/p>\n<p><strong>Visual design:<\/strong> Jules HUVIG<br \/>\n<strong>Sound design:<\/strong> Aleksi AUBRY-CARLSON, Vincent HARENDARCZYK<\/p>\n<p><strong>\u2022 GROUPE DE TROIS (Eug\u00e8ne Dodeigne, 1993)<\/strong><\/p>\n<p><strong>Visual design:<\/strong> Cl\u00e9ment GOFFINET, Thomas LOPEZ<br \/>\n<strong>Sound design: <\/strong>Aleksi AUBRY-CARLSON<\/p>\n<p>\u2022<strong> GROUPE DE 3 PERSONNAGES (Eug\u00e8ne Dodeigne, 1986)<\/strong><\/p>\n<p><strong>Visual design:<\/strong> Gervaise DUCHAUSSOY<br \/>\n<strong>Sound design:<\/strong> G\u00e9raldine KWIK<\/p>\n<p><strong>\u2022 LA FA\u00c7ADE DE L&#8217;EXTENSION<\/strong><br \/>\n<strong><br \/>\nVisual design:<\/strong> Samy BARRAS, Susie lou CHETCUTI, Simon LEBON, Maud SERTOUR, Aur\u00e9lien WOJTKO<br \/>\n<strong>Sound design:<\/strong> G\u00e9raldine KWIK<\/p>\n<p><strong>\u2022 LA FA\u00c7ADE<\/strong><\/p>\n<p><strong>Visual design: <\/strong>Patrick GRANDI, Jules HUVIG, Cyril LE LEVREUR, Aur\u00e9lien WOJTKO<br \/>\n<strong>Sound design: <\/strong>Aleksi AUBRY-CARLSON<\/p>\n<p><em>With the support of the M\u00e9tropole Europ\u00e9enne de Lille, the Hauts-de-France Region, Drac Hauts-de-France and the Lille Metropole\u2019s museum of modern art, contemporary art and Art Brut.<\/em><\/p>\n<p><strong>More info: <a href=\"http:\/\/videomappingfestival.com\" target=\"_blank\" rel=\"noopener\">videomappingfestival.com<\/a><br \/>\n<a href=\"http:\/\/www.facebook.com\/VideoMappingFestival\" target=\"_blank\" rel=\"noopener\">Facebook<\/a><\/strong><\/p>\n<div class=\"simple-taxonomy\">\n\t<div class=\"taxonomy-item-mapping\"><a href=\"https:\/\/loom-prod.com\/en\/item-mapping\/itinerary\/\" rel=\"tag\">Itinerary<\/a>, <a href=\"https:\/\/loom-prod.com\/en\/item-mapping\/mapping-monumental-en\/\" rel=\"tag\">Monument video mapping<\/a>, <a href=\"https:\/\/loom-prod.com\/en\/item-mapping\/mapping-sur-objet\/\" rel=\"tag\">Object video mapping<\/a><\/div>\n\t<div class=\"taxonomy-item-lieu\"><a href=\"https:\/\/loom-prod.com\/en\/item-lieu\/hauts-de-france-en\/\" rel=\"tag\">Hauts-de-France<\/a><\/div>\n\t<div class=\"taxonomy-item-dates\"><a href=\"https:\/\/loom-prod.com\/en\/item-dates\/2018-en\/\" rel=\"tag\">2018<\/a><\/div>\n\n<\/div>\n","protected":false},"excerpt":{"rendered":"<p>Series of video mapping created by Loom Prod, as part of the Video Mapping Festival #1. Walk in the museum park, where micro mapping on sculptures and plants will lead you to the monument video mapping on the facade of the LaM. As part of the closing of the exhibition: Nicolas Sch\u00f6ffer.R\u00e9troprospective. Artistic coordination: Ludovic [&hellip;]<\/p>\n<div class=\"simple-taxonomy\">\n\t<div class=\"taxonomy-item-mapping\"><a href=\"https:\/\/loom-prod.com\/en\/item-mapping\/itinerary\/\" rel=\"tag\">Itinerary<\/a>, <a href=\"https:\/\/loom-prod.com\/en\/item-mapping\/mapping-monumental-en\/\" rel=\"tag\">Monument video mapping<\/a>, <a href=\"https:\/\/loom-prod.com\/en\/item-mapping\/mapping-sur-objet\/\" rel=\"tag\">Object video mapping<\/a><\/div>\n\t<div class=\"taxonomy-item-lieu\"><a href=\"https:\/\/loom-prod.com\/en\/item-lieu\/hauts-de-france-en\/\" rel=\"tag\">Hauts-de-France<\/a><\/div>\n\t<div class=\"taxonomy-item-dates\"><a href=\"https:\/\/loom-prod.com\/en\/item-dates\/2018-en\/\" rel=\"tag\">2018<\/a><\/div>\n\n<\/div>\n","protected":false},"author":3,"featured_media":3176,"comment_status":"closed","ping_status":"closed","sticky":false,"template":"","format":"standard","meta":{"_acf_changed":false,"footnotes":""},"categories":[693,691,692],"tags":[714,342,681,740,667,473,758,716,753,669,747,748,251,718,253,656,105,261,262,505,749,108,750,743,548,762],"item-mapping":[563,277,159],"item-lieu":[281],"item-dates":[708],"class_list":["post-3177","post","type-post","status-publish","format-standard","has-post-thumbnail","hentry","category-itinerary","category-monument-video-mapping","category-object-video-mapping","tag-2018-en","tag-aleksi-aubry-carlson-en","tag-aurelien-wojtko-en","tag-claudia-cortes-espejo-en","tag-clement-goffinet-en","tag-cyril-le-levreur-en","tag-frederic-haudegond-en","tag-geraldine-kwik-en","tag-gervaise-duchaussoy-en","tag-jules-huvig-en","tag-lam-en","tag-loom-prod-en","tag-ludovic-burczykowski-en","tag-maeva-jacques-en","tag-maud-sertour-en","tag-patrick-grandi-en","tag-production-en","tag-samy-barras-en","tag-simon-lebon-en","tag-susie-lou-chetcuti-en","tag-thomas-lopez-en","tag-video-mapping-festival-en","tag-villeneuve-dascq-en","tag-villeneuve-dascq","tag-vincent-crauet-en","tag-vincent-harendarczyk-en","item-mapping-itinerary","item-mapping-mapping-monumental-en","item-mapping-mapping-sur-objet","item-lieu-hauts-de-france-en","item-dates-2018-en"],"acf":[],"yoast_head":"<!-- This site is optimized with the Yoast SEO plugin v26.1.1 - https:\/\/yoast.com\/wordpress\/plugins\/seo\/ -->\n<title>WALK AT THE LaM - Villeneuve d&#039;Ascq, France - Video Mapping Festival 2018<\/title>\n<meta name=\"description\" content=\"Series of video mapping created by Loom Prod, as part of the Video Mapping Festival #1.\" \/>\n<meta name=\"robots\" content=\"index, follow, max-snippet:-1, max-image-preview:large, max-video-preview:-1\" \/>\n<link rel=\"canonical\" href=\"https:\/\/loom-prod.com\/deambulation-lam-villeneuve-dascq-france-video-mapping-festival-2018\/\" \/>\n<meta property=\"og:locale\" content=\"en_US\" \/>\n<meta property=\"og:type\" content=\"article\" \/>\n<meta property=\"og:title\" content=\"WALK AT THE LaM - Villeneuve d&#039;Ascq, France - Video Mapping Festival 2018\" \/>\n<meta property=\"og:description\" content=\"Series of video mapping created by Loom Prod, as part of the Video Mapping Festival #1.\" \/>\n<meta property=\"og:url\" content=\"https:\/\/loom-prod.com\/deambulation-lam-villeneuve-dascq-france-video-mapping-festival-2018\/\" \/>\n<meta property=\"og:site_name\" content=\"Loom Prod | Soci\u00e9t\u00e9 de production coop\u00e9rative de video mapping\" \/>\n<meta property=\"article:published_time\" content=\"2018-09-26T21:00:29+00:00\" \/>\n<meta property=\"article:modified_time\" content=\"2018-12-21T01:22:49+00:00\" \/>\n<meta property=\"og:image\" content=\"https:\/\/loom-prod.com\/wp-content\/uploads\/2018\/10\/deambulation-au-lam-villeneuve-d.jpg\" \/>\n\t<meta property=\"og:image:width\" content=\"640\" \/>\n\t<meta property=\"og:image:height\" content=\"360\" \/>\n\t<meta property=\"og:image:type\" content=\"image\/jpeg\" \/>\n<meta name=\"author\" content=\"Edimestre\" \/>\n<meta name=\"twitter:card\" content=\"summary_large_image\" \/>\n<meta name=\"twitter:label1\" content=\"Written by\" \/>\n\t<meta name=\"twitter:data1\" content=\"Edimestre\" \/>\n\t<meta name=\"twitter:label2\" content=\"Est. reading time\" \/>\n\t<meta name=\"twitter:data2\" content=\"1 minute\" \/>\n<script type=\"application\/ld+json\" class=\"yoast-schema-graph\">{\"@context\":\"https:\/\/schema.org\",\"@graph\":[{\"@type\":\"Article\",\"@id\":\"https:\/\/loom-prod.com\/deambulation-lam-villeneuve-dascq-france-video-mapping-festival-2018\/#article\",\"isPartOf\":{\"@id\":\"https:\/\/loom-prod.com\/deambulation-lam-villeneuve-dascq-france-video-mapping-festival-2018\/\"},\"author\":{\"name\":\"Edimestre\",\"@id\":\"https:\/\/loom-prod.com\/#\/schema\/person\/506136ad599d9c386ea59407d183cef8\"},\"headline\":\"WALK AT THE LaM &#8211; Villeneuve d&#8217;Ascq, France &#8211; Video Mapping Festival 2018\",\"datePublished\":\"2018-09-26T21:00:29+00:00\",\"dateModified\":\"2018-12-21T01:22:49+00:00\",\"mainEntityOfPage\":{\"@id\":\"https:\/\/loom-prod.com\/deambulation-lam-villeneuve-dascq-france-video-mapping-festival-2018\/\"},\"wordCount\":227,\"publisher\":{\"@id\":\"https:\/\/loom-prod.com\/#organization\"},\"image\":{\"@id\":\"https:\/\/loom-prod.com\/deambulation-lam-villeneuve-dascq-france-video-mapping-festival-2018\/#primaryimage\"},\"thumbnailUrl\":\"https:\/\/loom-prod.com\/wp-content\/uploads\/2018\/10\/deambulation-au-lam-villeneuve-d.jpg\",\"keywords\":[\"2018\",\"Aleksi Aubry-Carlson\",\"Aurelien Wojtko\",\"Claudia CORT\u00c9S ESPEJO\",\"Cl\u00e9ment Goffinet\",\"Cyril Le Levreur\",\"Frederic HAUDEGOND\",\"G\u00e9raldine KWIK\",\"Gervaise Duchaussoy\",\"Jules Huvig\",\"LaM\",\"Loom Prod\",\"Ludovic Burczykowski\",\"Ma\u00ebva JACQUES\",\"Maud Sertour\",\"Patrick Grandi\",\"Production\",\"Samy Barras\",\"Simon Lebon\",\"Susie-Lou Chetcuti\",\"Thomas LOPEZ\",\"Video Mapping Festival\",\"Villeneuve d&rsquo;Ascq\",\"Villeneuve d'Ascq\",\"Vincent Crauet\",\"Vincent HARENDARCZYK\"],\"articleSection\":[\"Itinerary\",\"Monument video mapping\",\"Object video mapping\"],\"inLanguage\":\"en-US\"},{\"@type\":\"WebPage\",\"@id\":\"https:\/\/loom-prod.com\/deambulation-lam-villeneuve-dascq-france-video-mapping-festival-2018\/\",\"url\":\"https:\/\/loom-prod.com\/deambulation-lam-villeneuve-dascq-france-video-mapping-festival-2018\/\",\"name\":\"WALK AT THE LaM - Villeneuve d'Ascq, France - Video Mapping Festival 2018\",\"isPartOf\":{\"@id\":\"https:\/\/loom-prod.com\/#website\"},\"primaryImageOfPage\":{\"@id\":\"https:\/\/loom-prod.com\/deambulation-lam-villeneuve-dascq-france-video-mapping-festival-2018\/#primaryimage\"},\"image\":{\"@id\":\"https:\/\/loom-prod.com\/deambulation-lam-villeneuve-dascq-france-video-mapping-festival-2018\/#primaryimage\"},\"thumbnailUrl\":\"https:\/\/loom-prod.com\/wp-content\/uploads\/2018\/10\/deambulation-au-lam-villeneuve-d.jpg\",\"datePublished\":\"2018-09-26T21:00:29+00:00\",\"dateModified\":\"2018-12-21T01:22:49+00:00\",\"description\":\"Series of video mapping created by Loom Prod, as part of the Video Mapping Festival #1.\",\"breadcrumb\":{\"@id\":\"https:\/\/loom-prod.com\/deambulation-lam-villeneuve-dascq-france-video-mapping-festival-2018\/#breadcrumb\"},\"inLanguage\":\"en-US\",\"potentialAction\":[{\"@type\":\"ReadAction\",\"target\":[\"https:\/\/loom-prod.com\/deambulation-lam-villeneuve-dascq-france-video-mapping-festival-2018\/\"]}]},{\"@type\":\"ImageObject\",\"inLanguage\":\"en-US\",\"@id\":\"https:\/\/loom-prod.com\/deambulation-lam-villeneuve-dascq-france-video-mapping-festival-2018\/#primaryimage\",\"url\":\"https:\/\/loom-prod.com\/wp-content\/uploads\/2018\/10\/deambulation-au-lam-villeneuve-d.jpg\",\"contentUrl\":\"https:\/\/loom-prod.com\/wp-content\/uploads\/2018\/10\/deambulation-au-lam-villeneuve-d.jpg\",\"width\":640,\"height\":360},{\"@type\":\"BreadcrumbList\",\"@id\":\"https:\/\/loom-prod.com\/deambulation-lam-villeneuve-dascq-france-video-mapping-festival-2018\/#breadcrumb\",\"itemListElement\":[{\"@type\":\"ListItem\",\"position\":1,\"name\":\"Accueil\",\"item\":\"https:\/\/loom-prod.com\/?lang=en\"},{\"@type\":\"ListItem\",\"position\":2,\"name\":\"WALK AT THE LaM &#8211; Villeneuve d&#8217;Ascq, France &#8211; Video Mapping Festival 2018\"}]},{\"@type\":\"WebSite\",\"@id\":\"https:\/\/loom-prod.com\/#website\",\"url\":\"https:\/\/loom-prod.com\/\",\"name\":\"Loom Prod | Soci\u00e9t\u00e9 de production coop\u00e9rative de video mapping\",\"description\":\"Loom Prod | Soci\u00e9t\u00e9 de production coop\u00e9rative de video mapping\",\"publisher\":{\"@id\":\"https:\/\/loom-prod.com\/#organization\"},\"potentialAction\":[{\"@type\":\"SearchAction\",\"target\":{\"@type\":\"EntryPoint\",\"urlTemplate\":\"https:\/\/loom-prod.com\/?s={search_term_string}\"},\"query-input\":{\"@type\":\"PropertyValueSpecification\",\"valueRequired\":true,\"valueName\":\"search_term_string\"}}],\"inLanguage\":\"en-US\"},{\"@type\":\"Organization\",\"@id\":\"https:\/\/loom-prod.com\/#organization\",\"name\":\"Video Mapping European Center\",\"url\":\"https:\/\/loom-prod.com\/\",\"logo\":{\"@type\":\"ImageObject\",\"inLanguage\":\"en-US\",\"@id\":\"https:\/\/loom-prod.com\/#\/schema\/logo\/image\/\",\"url\":\"https:\/\/loom-prod.com\/wp-content\/uploads\/2017\/07\/logo-v3.png\",\"contentUrl\":\"https:\/\/loom-prod.com\/wp-content\/uploads\/2017\/07\/logo-v3.png\",\"width\":300,\"height\":135,\"caption\":\"Video Mapping European Center\"},\"image\":{\"@id\":\"https:\/\/loom-prod.com\/#\/schema\/logo\/image\/\"}},{\"@type\":\"Person\",\"@id\":\"https:\/\/loom-prod.com\/#\/schema\/person\/506136ad599d9c386ea59407d183cef8\",\"name\":\"Edimestre\",\"image\":{\"@type\":\"ImageObject\",\"inLanguage\":\"en-US\",\"@id\":\"https:\/\/loom-prod.com\/#\/schema\/person\/image\/\",\"url\":\"https:\/\/loom-prod.com\/wp-content\/uploads\/2017\/11\/favicon.jpg\",\"contentUrl\":\"https:\/\/loom-prod.com\/wp-content\/uploads\/2017\/11\/favicon.jpg\",\"caption\":\"Edimestre\"}}]}<\/script>\n<!-- \/ Yoast SEO plugin. -->","yoast_head_json":{"title":"WALK AT THE LaM - Villeneuve d'Ascq, France - Video Mapping Festival 2018","description":"Series of video mapping created by Loom Prod, as part of the Video Mapping Festival #1.","robots":{"index":"index","follow":"follow","max-snippet":"max-snippet:-1","max-image-preview":"max-image-preview:large","max-video-preview":"max-video-preview:-1"},"canonical":"https:\/\/loom-prod.com\/deambulation-lam-villeneuve-dascq-france-video-mapping-festival-2018\/","og_locale":"en_US","og_type":"article","og_title":"WALK AT THE LaM - Villeneuve d'Ascq, France - Video Mapping Festival 2018","og_description":"Series of video mapping created by Loom Prod, as part of the Video Mapping Festival #1.","og_url":"https:\/\/loom-prod.com\/deambulation-lam-villeneuve-dascq-france-video-mapping-festival-2018\/","og_site_name":"Loom Prod | Soci\u00e9t\u00e9 de production coop\u00e9rative de video mapping","article_published_time":"2018-09-26T21:00:29+00:00","article_modified_time":"2018-12-21T01:22:49+00:00","og_image":[{"width":640,"height":360,"url":"https:\/\/loom-prod.com\/wp-content\/uploads\/2018\/10\/deambulation-au-lam-villeneuve-d.jpg","type":"image\/jpeg"}],"author":"Edimestre","twitter_card":"summary_large_image","twitter_misc":{"Written by":"Edimestre","Est. reading time":"1 minute"},"schema":{"@context":"https:\/\/schema.org","@graph":[{"@type":"Article","@id":"https:\/\/loom-prod.com\/deambulation-lam-villeneuve-dascq-france-video-mapping-festival-2018\/#article","isPartOf":{"@id":"https:\/\/loom-prod.com\/deambulation-lam-villeneuve-dascq-france-video-mapping-festival-2018\/"},"author":{"name":"Edimestre","@id":"https:\/\/loom-prod.com\/#\/schema\/person\/506136ad599d9c386ea59407d183cef8"},"headline":"WALK AT THE LaM &#8211; Villeneuve d&#8217;Ascq, France &#8211; Video Mapping Festival 2018","datePublished":"2018-09-26T21:00:29+00:00","dateModified":"2018-12-21T01:22:49+00:00","mainEntityOfPage":{"@id":"https:\/\/loom-prod.com\/deambulation-lam-villeneuve-dascq-france-video-mapping-festival-2018\/"},"wordCount":227,"publisher":{"@id":"https:\/\/loom-prod.com\/#organization"},"image":{"@id":"https:\/\/loom-prod.com\/deambulation-lam-villeneuve-dascq-france-video-mapping-festival-2018\/#primaryimage"},"thumbnailUrl":"https:\/\/loom-prod.com\/wp-content\/uploads\/2018\/10\/deambulation-au-lam-villeneuve-d.jpg","keywords":["2018","Aleksi Aubry-Carlson","Aurelien Wojtko","Claudia CORT\u00c9S ESPEJO","Cl\u00e9ment Goffinet","Cyril Le Levreur","Frederic HAUDEGOND","G\u00e9raldine KWIK","Gervaise Duchaussoy","Jules Huvig","LaM","Loom Prod","Ludovic Burczykowski","Ma\u00ebva JACQUES","Maud Sertour","Patrick Grandi","Production","Samy Barras","Simon Lebon","Susie-Lou Chetcuti","Thomas LOPEZ","Video Mapping Festival","Villeneuve d&rsquo;Ascq","Villeneuve d'Ascq","Vincent Crauet","Vincent HARENDARCZYK"],"articleSection":["Itinerary","Monument video mapping","Object video mapping"],"inLanguage":"en-US"},{"@type":"WebPage","@id":"https:\/\/loom-prod.com\/deambulation-lam-villeneuve-dascq-france-video-mapping-festival-2018\/","url":"https:\/\/loom-prod.com\/deambulation-lam-villeneuve-dascq-france-video-mapping-festival-2018\/","name":"WALK AT THE LaM - Villeneuve d'Ascq, France - Video Mapping Festival 2018","isPartOf":{"@id":"https:\/\/loom-prod.com\/#website"},"primaryImageOfPage":{"@id":"https:\/\/loom-prod.com\/deambulation-lam-villeneuve-dascq-france-video-mapping-festival-2018\/#primaryimage"},"image":{"@id":"https:\/\/loom-prod.com\/deambulation-lam-villeneuve-dascq-france-video-mapping-festival-2018\/#primaryimage"},"thumbnailUrl":"https:\/\/loom-prod.com\/wp-content\/uploads\/2018\/10\/deambulation-au-lam-villeneuve-d.jpg","datePublished":"2018-09-26T21:00:29+00:00","dateModified":"2018-12-21T01:22:49+00:00","description":"Series of video mapping created by Loom Prod, as part of the Video Mapping Festival #1.","breadcrumb":{"@id":"https:\/\/loom-prod.com\/deambulation-lam-villeneuve-dascq-france-video-mapping-festival-2018\/#breadcrumb"},"inLanguage":"en-US","potentialAction":[{"@type":"ReadAction","target":["https:\/\/loom-prod.com\/deambulation-lam-villeneuve-dascq-france-video-mapping-festival-2018\/"]}]},{"@type":"ImageObject","inLanguage":"en-US","@id":"https:\/\/loom-prod.com\/deambulation-lam-villeneuve-dascq-france-video-mapping-festival-2018\/#primaryimage","url":"https:\/\/loom-prod.com\/wp-content\/uploads\/2018\/10\/deambulation-au-lam-villeneuve-d.jpg","contentUrl":"https:\/\/loom-prod.com\/wp-content\/uploads\/2018\/10\/deambulation-au-lam-villeneuve-d.jpg","width":640,"height":360},{"@type":"BreadcrumbList","@id":"https:\/\/loom-prod.com\/deambulation-lam-villeneuve-dascq-france-video-mapping-festival-2018\/#breadcrumb","itemListElement":[{"@type":"ListItem","position":1,"name":"Accueil","item":"https:\/\/loom-prod.com\/?lang=en"},{"@type":"ListItem","position":2,"name":"WALK AT THE LaM &#8211; Villeneuve d&#8217;Ascq, France &#8211; Video Mapping Festival 2018"}]},{"@type":"WebSite","@id":"https:\/\/loom-prod.com\/#website","url":"https:\/\/loom-prod.com\/","name":"Loom Prod | Soci\u00e9t\u00e9 de production coop\u00e9rative de video mapping","description":"Loom Prod | Soci\u00e9t\u00e9 de production coop\u00e9rative de video mapping","publisher":{"@id":"https:\/\/loom-prod.com\/#organization"},"potentialAction":[{"@type":"SearchAction","target":{"@type":"EntryPoint","urlTemplate":"https:\/\/loom-prod.com\/?s={search_term_string}"},"query-input":{"@type":"PropertyValueSpecification","valueRequired":true,"valueName":"search_term_string"}}],"inLanguage":"en-US"},{"@type":"Organization","@id":"https:\/\/loom-prod.com\/#organization","name":"Video Mapping European Center","url":"https:\/\/loom-prod.com\/","logo":{"@type":"ImageObject","inLanguage":"en-US","@id":"https:\/\/loom-prod.com\/#\/schema\/logo\/image\/","url":"https:\/\/loom-prod.com\/wp-content\/uploads\/2017\/07\/logo-v3.png","contentUrl":"https:\/\/loom-prod.com\/wp-content\/uploads\/2017\/07\/logo-v3.png","width":300,"height":135,"caption":"Video Mapping European Center"},"image":{"@id":"https:\/\/loom-prod.com\/#\/schema\/logo\/image\/"}},{"@type":"Person","@id":"https:\/\/loom-prod.com\/#\/schema\/person\/506136ad599d9c386ea59407d183cef8","name":"Edimestre","image":{"@type":"ImageObject","inLanguage":"en-US","@id":"https:\/\/loom-prod.com\/#\/schema\/person\/image\/","url":"https:\/\/loom-prod.com\/wp-content\/uploads\/2017\/11\/favicon.jpg","contentUrl":"https:\/\/loom-prod.com\/wp-content\/uploads\/2017\/11\/favicon.jpg","caption":"Edimestre"}}]}},"_links":{"self":[{"href":"https:\/\/loom-prod.com\/en\/wp-json\/wp\/v2\/posts\/3177","targetHints":{"allow":["GET"]}}],"collection":[{"href":"https:\/\/loom-prod.com\/en\/wp-json\/wp\/v2\/posts"}],"about":[{"href":"https:\/\/loom-prod.com\/en\/wp-json\/wp\/v2\/types\/post"}],"author":[{"embeddable":true,"href":"https:\/\/loom-prod.com\/en\/wp-json\/wp\/v2\/users\/3"}],"replies":[{"embeddable":true,"href":"https:\/\/loom-prod.com\/en\/wp-json\/wp\/v2\/comments?post=3177"}],"version-history":[{"count":3,"href":"https:\/\/loom-prod.com\/en\/wp-json\/wp\/v2\/posts\/3177\/revisions"}],"predecessor-version":[{"id":3347,"href":"https:\/\/loom-prod.com\/en\/wp-json\/wp\/v2\/posts\/3177\/revisions\/3347"}],"wp:featuredmedia":[{"embeddable":true,"href":"https:\/\/loom-prod.com\/en\/wp-json\/wp\/v2\/media\/3176"}],"wp:attachment":[{"href":"https:\/\/loom-prod.com\/en\/wp-json\/wp\/v2\/media?parent=3177"}],"wp:term":[{"taxonomy":"category","embeddable":true,"href":"https:\/\/loom-prod.com\/en\/wp-json\/wp\/v2\/categories?post=3177"},{"taxonomy":"post_tag","embeddable":true,"href":"https:\/\/loom-prod.com\/en\/wp-json\/wp\/v2\/tags?post=3177"},{"taxonomy":"item-mapping","embeddable":true,"href":"https:\/\/loom-prod.com\/en\/wp-json\/wp\/v2\/item-mapping?post=3177"},{"taxonomy":"item-lieu","embeddable":true,"href":"https:\/\/loom-prod.com\/en\/wp-json\/wp\/v2\/item-lieu?post=3177"},{"taxonomy":"item-dates","embeddable":true,"href":"https:\/\/loom-prod.com\/en\/wp-json\/wp\/v2\/item-dates?post=3177"}],"curies":[{"name":"wp","href":"https:\/\/api.w.org\/{rel}","templated":true}]}}