{"id":3187,"date":"2018-10-01T10:38:03","date_gmt":"2018-10-01T08:38:03","guid":{"rendered":"https:\/\/loom-prod.com\/cite-electriciens-bruay-buissiere-france-video-mapping-festival-2018\/"},"modified":"2018-12-21T02:16:21","modified_gmt":"2018-12-21T01:16:21","slug":"cite-electriciens-bruay-buissiere-france-video-mapping-festival-2018","status":"publish","type":"post","link":"https:\/\/loom-prod.com\/en\/cite-electriciens-bruay-buissiere-france-video-mapping-festival-2018\/","title":{"rendered":"CIT\u00c9 DES \u00c9LECTRICIENS &#8211; Bruay-La-Buissi\u00e8re, France &#8211; Video Mapping Festival 2018"},"content":{"rendered":"<p><iframe loading=\"lazy\" src=\"https:\/\/player.vimeo.com\/video\/290873955?app_id=122963\" width=\"1104\" height=\"621\" frameborder=\"0\" title=\"Video Mapping Festival #1 : CIT&Eacute; DES &Eacute;LECTRICIENS, BRUAY-LA-BUISSI&Egrave;RE - juin 2018\" allow=\"autoplay; fullscreen\" allowfullscreen><\/iframe><\/p>\n<p>Series of video mapping created by Loom Prod, as part of the Video Mapping Festival #1.<\/p>\n<p>Discover this new cultural place, former mine site registered as a UNESCO World Heritage site, thanks to several micro mapping. Monument video mapping at the end of the walk!<\/p>\n<p><strong>Artistic coordination:<\/strong> Ludovic BURCZYKOWSKI<\/p>\n<p><strong>\u2022 THE VIDEO GAME<\/strong><\/p>\n<p><strong>Visual design:<\/strong> Claudia CORT\u00c9S ESPEJO<br \/>\n<strong>Development:<\/strong> J\u00e9r\u00e9my DESCHAMPS<br \/>\n<strong>Interface: <\/strong>Cl\u00e9ment MEYER<br \/>\n<strong>Game design assistant:<\/strong> Ugo TRELIS<br \/>\n<strong>Sound design:<\/strong> Aleksi AUBRY-CARLSON<\/p>\n<p><strong>\u2022 THE DEATH TRAP<\/strong><\/p>\n<p><strong>Visual design:<\/strong> Gervaise DUCHAUSSOY<br \/>\n<strong>Sound design:<\/strong> Aleksi AUBRY-CARLSON<\/p>\n<p><strong>\u2022 THEN HEN HOUSE<\/strong><\/p>\n<p><strong>Visual design:<\/strong> Susie lou CHETCUTI, Claudia CORT\u00c9S ESPEJO, Gervaise DUCHAUSSOY, Ma\u00ebva JACQUES<br \/>\n<strong>Sound design:<\/strong> Vincent HARENDARCZYK<\/p>\n<p><strong>\u2022 THE TREE<\/strong><\/p>\n<p><strong>Visual design:<\/strong> Jules HUVIG, avec l&#8217;aide de Cyril LELEVREUR<br \/>\n<strong>Sound design:<\/strong> Vincent HARENDARCZYK<\/p>\n<p><strong>\u2022 THE FACADE<\/strong><\/p>\n<p><strong>Visual design:<\/strong> Susie lou CHETCUTI, Cl\u00e9ment GOFFINET, Patrick GRANDI, Fr\u00e9d\u00e9ric HAUDEGOND, Jules HUVIG, Ma\u00ebva JACQUES, Hamza MRABET, Aur\u00e9lien WOJTKO<br \/>\n<strong>Sound design: <\/strong>Aleksi AUBRY-CARLSON<\/p>\n<p><strong>\u2022 THE GARDEN<\/strong><\/p>\n<p><strong>Visual design:<\/strong> Ma\u00ebva JACQUES<br \/>\n<strong>Generativity:<\/strong> Vincent CRAUET<\/p>\n<p><em>With the support of the Hauts-de-France Region, Drac Hauts-de-France, Communaut\u00e9 d&#8217;Agglom\u00e9ration B\u00e9thune-Bruay, Artois Lys Romane, the City of Bruay-La-Buissi\u00e8re and the Cit\u00e9 des \u00c9lectriciens.<\/em><\/p>\n<p><strong>More info: <a href=\"http:\/\/videomappingfestival.com\" target=\"_blank\" rel=\"noopener\">videomappingfestival.com<\/a><br \/>\n<a href=\"http:\/\/www.facebook.com\/VideoMappingFestival\" target=\"_blank\" rel=\"noopener\">Facebook<\/a><\/strong><\/p>\n<div class=\"simple-taxonomy\">\n\t<div class=\"taxonomy-item-mapping\"><a href=\"https:\/\/loom-prod.com\/en\/item-mapping\/itinerary\/\" rel=\"tag\">Itinerary<\/a>, <a href=\"https:\/\/loom-prod.com\/en\/item-mapping\/mapping-monumental-en\/\" rel=\"tag\">Monument video mapping<\/a>, <a href=\"https:\/\/loom-prod.com\/en\/item-mapping\/mapping-sur-objet\/\" rel=\"tag\">Object video mapping<\/a><\/div>\n\t<div class=\"taxonomy-item-lieu\"><a href=\"https:\/\/loom-prod.com\/en\/item-lieu\/hauts-de-france-en\/\" rel=\"tag\">Hauts-de-France<\/a><\/div>\n\t<div class=\"taxonomy-item-dates\"><a href=\"https:\/\/loom-prod.com\/en\/item-dates\/2018-en\/\" rel=\"tag\">2018<\/a><\/div>\n\n<\/div>\n","protected":false},"excerpt":{"rendered":"<p>Series of video mapping created by Loom Prod, as part of the Video Mapping Festival #1. Discover this new cultural place, former mine site registered as a UNESCO World Heritage site, thanks to several micro mapping. Monument video mapping at the end of the walk! Artistic coordination: Ludovic BURCZYKOWSKI \u2022 THE VIDEO GAME Visual design: [&hellip;]<\/p>\n<div class=\"simple-taxonomy\">\n\t<div class=\"taxonomy-item-mapping\"><a href=\"https:\/\/loom-prod.com\/en\/item-mapping\/itinerary\/\" rel=\"tag\">Itinerary<\/a>, <a href=\"https:\/\/loom-prod.com\/en\/item-mapping\/mapping-monumental-en\/\" rel=\"tag\">Monument video mapping<\/a>, <a href=\"https:\/\/loom-prod.com\/en\/item-mapping\/mapping-sur-objet\/\" rel=\"tag\">Object video mapping<\/a><\/div>\n\t<div class=\"taxonomy-item-lieu\"><a href=\"https:\/\/loom-prod.com\/en\/item-lieu\/hauts-de-france-en\/\" rel=\"tag\">Hauts-de-France<\/a><\/div>\n\t<div class=\"taxonomy-item-dates\"><a href=\"https:\/\/loom-prod.com\/en\/item-dates\/2018-en\/\" rel=\"tag\">2018<\/a><\/div>\n\n<\/div>\n","protected":false},"author":3,"featured_media":3186,"comment_status":"closed","ping_status":"closed","sticky":false,"template":"","format":"standard","meta":{"_acf_changed":false,"footnotes":""},"categories":[693,691,692],"tags":[714,786,681,767,787,768,740,721,772,758,753,504,569,669,748,251,718,656,105,505,788,108,548,762],"item-mapping":[563,277,159],"item-lieu":[281],"item-dates":[708],"class_list":["post-3187","post","type-post","status-publish","format-standard","has-post-thumbnail","hentry","category-itinerary","category-monument-video-mapping","category-object-video-mapping","tag-2018-en","tag-aleksi-aurby-carlson-en","tag-aurelien-wojtko-en","tag-bruay-la-buissiere-en","tag-celement-goffinet-en","tag-cite-des-electriciens-en","tag-claudia-cortes-espejo-en","tag-clement-meyer-en","tag-cyril-lelevreur-en","tag-frederic-haudegond-en","tag-gervaise-duchaussoy-en","tag-hamza-mrabet-en","tag-jeremy-deschamps-en","tag-jules-huvig-en","tag-loom-prod-en","tag-ludovic-burczykowski-en","tag-maeva-jacques-en","tag-patrick-grandi-en","tag-production-en","tag-susie-lou-chetcuti-en","tag-ugo-treli-en","tag-video-mapping-festival-en","tag-vincent-crauet-en","tag-vincent-harendarczyk-en","item-mapping-itinerary","item-mapping-mapping-monumental-en","item-mapping-mapping-sur-objet","item-lieu-hauts-de-france-en","item-dates-2018-en"],"acf":[],"yoast_head":"<!-- This site is optimized with the Yoast SEO plugin v26.1.1 - https:\/\/yoast.com\/wordpress\/plugins\/seo\/ -->\n<title>CIT\u00c9 DES \u00c9LECTRICIENS - Bruay-La-Buissi\u00e8re, France - Video Mapping Festival 2018<\/title>\n<meta name=\"description\" content=\"Series of video mapping created by Loom Prod, as part of the Video Mapping Festival #1.\" \/>\n<meta name=\"robots\" content=\"index, follow, max-snippet:-1, max-image-preview:large, max-video-preview:-1\" \/>\n<link rel=\"canonical\" href=\"https:\/\/loom-prod.com\/cite-electriciens-bruay-buissiere-france-video-mapping-festival-2018\/\" \/>\n<meta property=\"og:locale\" content=\"en_US\" \/>\n<meta property=\"og:type\" content=\"article\" \/>\n<meta property=\"og:title\" content=\"CIT\u00c9 DES \u00c9LECTRICIENS - Bruay-La-Buissi\u00e8re, France - Video Mapping Festival 2018\" \/>\n<meta property=\"og:description\" content=\"Series of video mapping created by Loom Prod, as part of the Video Mapping Festival #1.\" \/>\n<meta property=\"og:url\" content=\"https:\/\/loom-prod.com\/cite-electriciens-bruay-buissiere-france-video-mapping-festival-2018\/\" \/>\n<meta property=\"og:site_name\" content=\"Loom Prod | Soci\u00e9t\u00e9 de production coop\u00e9rative de video mapping\" \/>\n<meta property=\"article:published_time\" content=\"2018-10-01T08:38:03+00:00\" \/>\n<meta property=\"article:modified_time\" content=\"2018-12-21T01:16:21+00:00\" \/>\n<meta property=\"og:image\" content=\"https:\/\/loom-prod.com\/wp-content\/uploads\/2018\/10\/cite-des-electriciens-bruay-la-b.jpg\" \/>\n\t<meta property=\"og:image:width\" content=\"640\" \/>\n\t<meta property=\"og:image:height\" content=\"360\" \/>\n\t<meta property=\"og:image:type\" content=\"image\/jpeg\" \/>\n<meta name=\"author\" content=\"Edimestre\" \/>\n<meta name=\"twitter:card\" content=\"summary_large_image\" \/>\n<meta name=\"twitter:label1\" content=\"Written by\" \/>\n\t<meta name=\"twitter:data1\" content=\"Edimestre\" \/>\n\t<meta name=\"twitter:label2\" content=\"Est. reading time\" \/>\n\t<meta name=\"twitter:data2\" content=\"1 minute\" \/>\n<script type=\"application\/ld+json\" class=\"yoast-schema-graph\">{\"@context\":\"https:\/\/schema.org\",\"@graph\":[{\"@type\":\"Article\",\"@id\":\"https:\/\/loom-prod.com\/cite-electriciens-bruay-buissiere-france-video-mapping-festival-2018\/#article\",\"isPartOf\":{\"@id\":\"https:\/\/loom-prod.com\/cite-electriciens-bruay-buissiere-france-video-mapping-festival-2018\/\"},\"author\":{\"name\":\"Edimestre\",\"@id\":\"https:\/\/loom-prod.com\/#\/schema\/person\/506136ad599d9c386ea59407d183cef8\"},\"headline\":\"CIT\u00c9 DES \u00c9LECTRICIENS &#8211; Bruay-La-Buissi\u00e8re, France &#8211; Video Mapping Festival 2018\",\"datePublished\":\"2018-10-01T08:38:03+00:00\",\"dateModified\":\"2018-12-21T01:16:21+00:00\",\"mainEntityOfPage\":{\"@id\":\"https:\/\/loom-prod.com\/cite-electriciens-bruay-buissiere-france-video-mapping-festival-2018\/\"},\"wordCount\":210,\"publisher\":{\"@id\":\"https:\/\/loom-prod.com\/#organization\"},\"image\":{\"@id\":\"https:\/\/loom-prod.com\/cite-electriciens-bruay-buissiere-france-video-mapping-festival-2018\/#primaryimage\"},\"thumbnailUrl\":\"https:\/\/loom-prod.com\/wp-content\/uploads\/2018\/10\/cite-des-electriciens-bruay-la-b.jpg\",\"keywords\":[\"2018\",\"Aleksi Aurby-Carlson\",\"Aurelien Wojtko\",\"Bruay-La-Buissi\u00e8re\",\"C\u00e9lement Goffinet\",\"Cit\u00e9 des \u00c9lectriciens\",\"Claudia CORT\u00c9S ESPEJO\",\"Cl\u00e9ment MEYER\",\"Cyril LELEVREUR\",\"Frederic HAUDEGOND\",\"Gervaise Duchaussoy\",\"Hamza Mrabet\",\"J\u00e9r\u00e9my Deschamps\",\"Jules Huvig\",\"Loom Prod\",\"Ludovic Burczykowski\",\"Ma\u00ebva JACQUES\",\"Patrick Grandi\",\"Production\",\"Susie-Lou Chetcuti\",\"Ugo TRELI\",\"Video Mapping Festival\",\"Vincent Crauet\",\"Vincent HARENDARCZYK\"],\"articleSection\":[\"Itinerary\",\"Monument video mapping\",\"Object video mapping\"],\"inLanguage\":\"en-US\"},{\"@type\":\"WebPage\",\"@id\":\"https:\/\/loom-prod.com\/cite-electriciens-bruay-buissiere-france-video-mapping-festival-2018\/\",\"url\":\"https:\/\/loom-prod.com\/cite-electriciens-bruay-buissiere-france-video-mapping-festival-2018\/\",\"name\":\"CIT\u00c9 DES \u00c9LECTRICIENS - Bruay-La-Buissi\u00e8re, France - Video Mapping Festival 2018\",\"isPartOf\":{\"@id\":\"https:\/\/loom-prod.com\/#website\"},\"primaryImageOfPage\":{\"@id\":\"https:\/\/loom-prod.com\/cite-electriciens-bruay-buissiere-france-video-mapping-festival-2018\/#primaryimage\"},\"image\":{\"@id\":\"https:\/\/loom-prod.com\/cite-electriciens-bruay-buissiere-france-video-mapping-festival-2018\/#primaryimage\"},\"thumbnailUrl\":\"https:\/\/loom-prod.com\/wp-content\/uploads\/2018\/10\/cite-des-electriciens-bruay-la-b.jpg\",\"datePublished\":\"2018-10-01T08:38:03+00:00\",\"dateModified\":\"2018-12-21T01:16:21+00:00\",\"description\":\"Series of video mapping created by Loom Prod, as part of the Video Mapping Festival #1.\",\"breadcrumb\":{\"@id\":\"https:\/\/loom-prod.com\/cite-electriciens-bruay-buissiere-france-video-mapping-festival-2018\/#breadcrumb\"},\"inLanguage\":\"en-US\",\"potentialAction\":[{\"@type\":\"ReadAction\",\"target\":[\"https:\/\/loom-prod.com\/cite-electriciens-bruay-buissiere-france-video-mapping-festival-2018\/\"]}]},{\"@type\":\"ImageObject\",\"inLanguage\":\"en-US\",\"@id\":\"https:\/\/loom-prod.com\/cite-electriciens-bruay-buissiere-france-video-mapping-festival-2018\/#primaryimage\",\"url\":\"https:\/\/loom-prod.com\/wp-content\/uploads\/2018\/10\/cite-des-electriciens-bruay-la-b.jpg\",\"contentUrl\":\"https:\/\/loom-prod.com\/wp-content\/uploads\/2018\/10\/cite-des-electriciens-bruay-la-b.jpg\",\"width\":640,\"height\":360},{\"@type\":\"BreadcrumbList\",\"@id\":\"https:\/\/loom-prod.com\/cite-electriciens-bruay-buissiere-france-video-mapping-festival-2018\/#breadcrumb\",\"itemListElement\":[{\"@type\":\"ListItem\",\"position\":1,\"name\":\"Accueil\",\"item\":\"https:\/\/loom-prod.com\/?lang=en\"},{\"@type\":\"ListItem\",\"position\":2,\"name\":\"CIT\u00c9 DES \u00c9LECTRICIENS &#8211; Bruay-La-Buissi\u00e8re, France &#8211; Video Mapping Festival 2018\"}]},{\"@type\":\"WebSite\",\"@id\":\"https:\/\/loom-prod.com\/#website\",\"url\":\"https:\/\/loom-prod.com\/\",\"name\":\"Loom Prod | Soci\u00e9t\u00e9 de production coop\u00e9rative de video mapping\",\"description\":\"Loom Prod | Soci\u00e9t\u00e9 de production coop\u00e9rative de video mapping\",\"publisher\":{\"@id\":\"https:\/\/loom-prod.com\/#organization\"},\"potentialAction\":[{\"@type\":\"SearchAction\",\"target\":{\"@type\":\"EntryPoint\",\"urlTemplate\":\"https:\/\/loom-prod.com\/?s={search_term_string}\"},\"query-input\":{\"@type\":\"PropertyValueSpecification\",\"valueRequired\":true,\"valueName\":\"search_term_string\"}}],\"inLanguage\":\"en-US\"},{\"@type\":\"Organization\",\"@id\":\"https:\/\/loom-prod.com\/#organization\",\"name\":\"Video Mapping European Center\",\"url\":\"https:\/\/loom-prod.com\/\",\"logo\":{\"@type\":\"ImageObject\",\"inLanguage\":\"en-US\",\"@id\":\"https:\/\/loom-prod.com\/#\/schema\/logo\/image\/\",\"url\":\"https:\/\/loom-prod.com\/wp-content\/uploads\/2017\/07\/logo-v3.png\",\"contentUrl\":\"https:\/\/loom-prod.com\/wp-content\/uploads\/2017\/07\/logo-v3.png\",\"width\":300,\"height\":135,\"caption\":\"Video Mapping European Center\"},\"image\":{\"@id\":\"https:\/\/loom-prod.com\/#\/schema\/logo\/image\/\"}},{\"@type\":\"Person\",\"@id\":\"https:\/\/loom-prod.com\/#\/schema\/person\/506136ad599d9c386ea59407d183cef8\",\"name\":\"Edimestre\",\"image\":{\"@type\":\"ImageObject\",\"inLanguage\":\"en-US\",\"@id\":\"https:\/\/loom-prod.com\/#\/schema\/person\/image\/\",\"url\":\"https:\/\/loom-prod.com\/wp-content\/uploads\/2017\/11\/favicon.jpg\",\"contentUrl\":\"https:\/\/loom-prod.com\/wp-content\/uploads\/2017\/11\/favicon.jpg\",\"caption\":\"Edimestre\"}}]}<\/script>\n<!-- \/ Yoast SEO plugin. -->","yoast_head_json":{"title":"CIT\u00c9 DES \u00c9LECTRICIENS - Bruay-La-Buissi\u00e8re, France - Video Mapping Festival 2018","description":"Series of video mapping created by Loom Prod, as part of the Video Mapping Festival #1.","robots":{"index":"index","follow":"follow","max-snippet":"max-snippet:-1","max-image-preview":"max-image-preview:large","max-video-preview":"max-video-preview:-1"},"canonical":"https:\/\/loom-prod.com\/cite-electriciens-bruay-buissiere-france-video-mapping-festival-2018\/","og_locale":"en_US","og_type":"article","og_title":"CIT\u00c9 DES \u00c9LECTRICIENS - Bruay-La-Buissi\u00e8re, France - Video Mapping Festival 2018","og_description":"Series of video mapping created by Loom Prod, as part of the Video Mapping Festival #1.","og_url":"https:\/\/loom-prod.com\/cite-electriciens-bruay-buissiere-france-video-mapping-festival-2018\/","og_site_name":"Loom Prod | Soci\u00e9t\u00e9 de production coop\u00e9rative de video mapping","article_published_time":"2018-10-01T08:38:03+00:00","article_modified_time":"2018-12-21T01:16:21+00:00","og_image":[{"width":640,"height":360,"url":"https:\/\/loom-prod.com\/wp-content\/uploads\/2018\/10\/cite-des-electriciens-bruay-la-b.jpg","type":"image\/jpeg"}],"author":"Edimestre","twitter_card":"summary_large_image","twitter_misc":{"Written by":"Edimestre","Est. reading time":"1 minute"},"schema":{"@context":"https:\/\/schema.org","@graph":[{"@type":"Article","@id":"https:\/\/loom-prod.com\/cite-electriciens-bruay-buissiere-france-video-mapping-festival-2018\/#article","isPartOf":{"@id":"https:\/\/loom-prod.com\/cite-electriciens-bruay-buissiere-france-video-mapping-festival-2018\/"},"author":{"name":"Edimestre","@id":"https:\/\/loom-prod.com\/#\/schema\/person\/506136ad599d9c386ea59407d183cef8"},"headline":"CIT\u00c9 DES \u00c9LECTRICIENS &#8211; Bruay-La-Buissi\u00e8re, France &#8211; Video Mapping Festival 2018","datePublished":"2018-10-01T08:38:03+00:00","dateModified":"2018-12-21T01:16:21+00:00","mainEntityOfPage":{"@id":"https:\/\/loom-prod.com\/cite-electriciens-bruay-buissiere-france-video-mapping-festival-2018\/"},"wordCount":210,"publisher":{"@id":"https:\/\/loom-prod.com\/#organization"},"image":{"@id":"https:\/\/loom-prod.com\/cite-electriciens-bruay-buissiere-france-video-mapping-festival-2018\/#primaryimage"},"thumbnailUrl":"https:\/\/loom-prod.com\/wp-content\/uploads\/2018\/10\/cite-des-electriciens-bruay-la-b.jpg","keywords":["2018","Aleksi Aurby-Carlson","Aurelien Wojtko","Bruay-La-Buissi\u00e8re","C\u00e9lement Goffinet","Cit\u00e9 des \u00c9lectriciens","Claudia CORT\u00c9S ESPEJO","Cl\u00e9ment MEYER","Cyril LELEVREUR","Frederic HAUDEGOND","Gervaise Duchaussoy","Hamza Mrabet","J\u00e9r\u00e9my Deschamps","Jules Huvig","Loom Prod","Ludovic Burczykowski","Ma\u00ebva JACQUES","Patrick Grandi","Production","Susie-Lou Chetcuti","Ugo TRELI","Video Mapping Festival","Vincent Crauet","Vincent HARENDARCZYK"],"articleSection":["Itinerary","Monument video mapping","Object video mapping"],"inLanguage":"en-US"},{"@type":"WebPage","@id":"https:\/\/loom-prod.com\/cite-electriciens-bruay-buissiere-france-video-mapping-festival-2018\/","url":"https:\/\/loom-prod.com\/cite-electriciens-bruay-buissiere-france-video-mapping-festival-2018\/","name":"CIT\u00c9 DES \u00c9LECTRICIENS - Bruay-La-Buissi\u00e8re, France - Video Mapping Festival 2018","isPartOf":{"@id":"https:\/\/loom-prod.com\/#website"},"primaryImageOfPage":{"@id":"https:\/\/loom-prod.com\/cite-electriciens-bruay-buissiere-france-video-mapping-festival-2018\/#primaryimage"},"image":{"@id":"https:\/\/loom-prod.com\/cite-electriciens-bruay-buissiere-france-video-mapping-festival-2018\/#primaryimage"},"thumbnailUrl":"https:\/\/loom-prod.com\/wp-content\/uploads\/2018\/10\/cite-des-electriciens-bruay-la-b.jpg","datePublished":"2018-10-01T08:38:03+00:00","dateModified":"2018-12-21T01:16:21+00:00","description":"Series of video mapping created by Loom Prod, as part of the Video Mapping Festival #1.","breadcrumb":{"@id":"https:\/\/loom-prod.com\/cite-electriciens-bruay-buissiere-france-video-mapping-festival-2018\/#breadcrumb"},"inLanguage":"en-US","potentialAction":[{"@type":"ReadAction","target":["https:\/\/loom-prod.com\/cite-electriciens-bruay-buissiere-france-video-mapping-festival-2018\/"]}]},{"@type":"ImageObject","inLanguage":"en-US","@id":"https:\/\/loom-prod.com\/cite-electriciens-bruay-buissiere-france-video-mapping-festival-2018\/#primaryimage","url":"https:\/\/loom-prod.com\/wp-content\/uploads\/2018\/10\/cite-des-electriciens-bruay-la-b.jpg","contentUrl":"https:\/\/loom-prod.com\/wp-content\/uploads\/2018\/10\/cite-des-electriciens-bruay-la-b.jpg","width":640,"height":360},{"@type":"BreadcrumbList","@id":"https:\/\/loom-prod.com\/cite-electriciens-bruay-buissiere-france-video-mapping-festival-2018\/#breadcrumb","itemListElement":[{"@type":"ListItem","position":1,"name":"Accueil","item":"https:\/\/loom-prod.com\/?lang=en"},{"@type":"ListItem","position":2,"name":"CIT\u00c9 DES \u00c9LECTRICIENS &#8211; Bruay-La-Buissi\u00e8re, France &#8211; Video Mapping Festival 2018"}]},{"@type":"WebSite","@id":"https:\/\/loom-prod.com\/#website","url":"https:\/\/loom-prod.com\/","name":"Loom Prod | Soci\u00e9t\u00e9 de production coop\u00e9rative de video mapping","description":"Loom Prod | Soci\u00e9t\u00e9 de production coop\u00e9rative de video mapping","publisher":{"@id":"https:\/\/loom-prod.com\/#organization"},"potentialAction":[{"@type":"SearchAction","target":{"@type":"EntryPoint","urlTemplate":"https:\/\/loom-prod.com\/?s={search_term_string}"},"query-input":{"@type":"PropertyValueSpecification","valueRequired":true,"valueName":"search_term_string"}}],"inLanguage":"en-US"},{"@type":"Organization","@id":"https:\/\/loom-prod.com\/#organization","name":"Video Mapping European Center","url":"https:\/\/loom-prod.com\/","logo":{"@type":"ImageObject","inLanguage":"en-US","@id":"https:\/\/loom-prod.com\/#\/schema\/logo\/image\/","url":"https:\/\/loom-prod.com\/wp-content\/uploads\/2017\/07\/logo-v3.png","contentUrl":"https:\/\/loom-prod.com\/wp-content\/uploads\/2017\/07\/logo-v3.png","width":300,"height":135,"caption":"Video Mapping European Center"},"image":{"@id":"https:\/\/loom-prod.com\/#\/schema\/logo\/image\/"}},{"@type":"Person","@id":"https:\/\/loom-prod.com\/#\/schema\/person\/506136ad599d9c386ea59407d183cef8","name":"Edimestre","image":{"@type":"ImageObject","inLanguage":"en-US","@id":"https:\/\/loom-prod.com\/#\/schema\/person\/image\/","url":"https:\/\/loom-prod.com\/wp-content\/uploads\/2017\/11\/favicon.jpg","contentUrl":"https:\/\/loom-prod.com\/wp-content\/uploads\/2017\/11\/favicon.jpg","caption":"Edimestre"}}]}},"_links":{"self":[{"href":"https:\/\/loom-prod.com\/en\/wp-json\/wp\/v2\/posts\/3187","targetHints":{"allow":["GET"]}}],"collection":[{"href":"https:\/\/loom-prod.com\/en\/wp-json\/wp\/v2\/posts"}],"about":[{"href":"https:\/\/loom-prod.com\/en\/wp-json\/wp\/v2\/types\/post"}],"author":[{"embeddable":true,"href":"https:\/\/loom-prod.com\/en\/wp-json\/wp\/v2\/users\/3"}],"replies":[{"embeddable":true,"href":"https:\/\/loom-prod.com\/en\/wp-json\/wp\/v2\/comments?post=3187"}],"version-history":[{"count":2,"href":"https:\/\/loom-prod.com\/en\/wp-json\/wp\/v2\/posts\/3187\/revisions"}],"predecessor-version":[{"id":3191,"href":"https:\/\/loom-prod.com\/en\/wp-json\/wp\/v2\/posts\/3187\/revisions\/3191"}],"wp:featuredmedia":[{"embeddable":true,"href":"https:\/\/loom-prod.com\/en\/wp-json\/wp\/v2\/media\/3186"}],"wp:attachment":[{"href":"https:\/\/loom-prod.com\/en\/wp-json\/wp\/v2\/media?parent=3187"}],"wp:term":[{"taxonomy":"category","embeddable":true,"href":"https:\/\/loom-prod.com\/en\/wp-json\/wp\/v2\/categories?post=3187"},{"taxonomy":"post_tag","embeddable":true,"href":"https:\/\/loom-prod.com\/en\/wp-json\/wp\/v2\/tags?post=3187"},{"taxonomy":"item-mapping","embeddable":true,"href":"https:\/\/loom-prod.com\/en\/wp-json\/wp\/v2\/item-mapping?post=3187"},{"taxonomy":"item-lieu","embeddable":true,"href":"https:\/\/loom-prod.com\/en\/wp-json\/wp\/v2\/item-lieu?post=3187"},{"taxonomy":"item-dates","embeddable":true,"href":"https:\/\/loom-prod.com\/en\/wp-json\/wp\/v2\/item-dates?post=3187"}],"curies":[{"name":"wp","href":"https:\/\/api.w.org\/{rel}","templated":true}]}}