{"id":5010,"date":"2022-10-29T07:00:21","date_gmt":"2022-10-29T05:00:21","guid":{"rendered":"https:\/\/loom-prod.com\/ca-barde-jardin-du-roy-rempart-gallo-romain-senlis-france-video-mapping-festival-2022\/"},"modified":"2023-05-30T12:50:09","modified_gmt":"2023-05-30T10:50:09","slug":"ca-barde-jardin-du-roy-rempart-gallo-romain-senlis-france-video-mapping-festival-2022","status":"publish","type":"post","link":"https:\/\/loom-prod.com\/en\/ca-barde-jardin-du-roy-rempart-gallo-romain-senlis-france-video-mapping-festival-2022\/","title":{"rendered":"\u00c7A BARDE ! &#8211; Jardin du Roy (Gallo-Roman rampart), Senlis, France &#8211; Video Mapping Festival 2022"},"content":{"rendered":"\n<figure><iframe loading=\"lazy\" src=\"https:\/\/player.vimeo.com\/video\/796222493?h=f636690a07\" width=\"640\" height=\"360\" allowfullscreen=\"\"><\/iframe><\/figure>\n\n\n\n<p style=\"text-align:justify\">Video mapping created by Rencontres Audiovisuelles as part of the Video Mapping Festival #5.<br><br><strong>\u25ba \u00c7a barde !<\/strong><br>Following a barbarian invasion, two little musicians tell us the history of the place in a minimalist and colourful style.<br><br><strong>Direction and animation:<\/strong>&nbsp;Adrien TISON<br><strong>Original music:<\/strong>&nbsp;Aleksi AUBRY-CARLSON<br><strong>Guest of honour:<\/strong> Michael PR\u00c6TORIUS &#8211; Suite N\u00b02 en Sol Majeur&nbsp;: <em>Bransle Double<\/em> (version M\u00e9tal)<br><br><em>With the support of the European Union (FEADER-LEADER),&nbsp;Hauts-de-France Region,&nbsp;Oise \u2013 Pays de France Regional Nature Park,&nbsp;Drac Hauts-de-France, the City of Senlis and&nbsp;Villes et Pays d\u2019Art et d\u2019Histoire.&nbsp;<\/em><br><br><br><strong>More info:&nbsp;<a rel=\"noreferrer noopener\" href=\"https:\/\/videomappingfestival.com\/?lang=en\" target=\"_blank\">videomappingfestival.com<\/a><\/strong><br><strong>Facebook:&nbsp;<a rel=\"noreferrer noopener\" href=\"https:\/\/www.facebook.com\/VideoMappingFestival\" target=\"_blank\">Video Mapping Festival<\/a><\/strong><\/p>\n<div class=\"simple-taxonomy\">\n\t<div class=\"taxonomy-item-mapping\"><a href=\"https:\/\/loom-prod.com\/en\/item-mapping\/itinerary\/\" rel=\"tag\">Itinerary<\/a>, <a href=\"https:\/\/loom-prod.com\/en\/item-mapping\/mapping-monumental-en\/\" rel=\"tag\">Monument video mapping<\/a><\/div>\n\t<div class=\"taxonomy-item-lieu\"><a href=\"https:\/\/loom-prod.com\/en\/item-lieu\/hauts-de-france-en\/\" rel=\"tag\">Hauts-de-France<\/a><\/div>\n\t<div class=\"taxonomy-item-dates\"><a href=\"https:\/\/loom-prod.com\/en\/item-dates\/2022\/\" rel=\"tag\">2022<\/a><\/div>\n\n<\/div>\n","protected":false},"excerpt":{"rendered":"<p>Video mapping created by Rencontres Audiovisuelles as part of the Video Mapping Festival #5. \u25ba \u00c7a barde !Following a barbarian invasion, two little musicians tell us the history of the place in a minimalist and colourful style. Direction and animation:&nbsp;Adrien TISONOriginal music:&nbsp;Aleksi AUBRY-CARLSONGuest of honour: Michael PR\u00c6TORIUS &#8211; Suite N\u00b02 en Sol Majeur&nbsp;: Bransle Double [&hellip;]<\/p>\n<div class=\"simple-taxonomy\">\n\t<div class=\"taxonomy-item-mapping\"><a href=\"https:\/\/loom-prod.com\/en\/item-mapping\/itinerary\/\" rel=\"tag\">Itinerary<\/a>, <a href=\"https:\/\/loom-prod.com\/en\/item-mapping\/mapping-monumental-en\/\" rel=\"tag\">Monument video mapping<\/a><\/div>\n\t<div class=\"taxonomy-item-lieu\"><a href=\"https:\/\/loom-prod.com\/en\/item-lieu\/hauts-de-france-en\/\" rel=\"tag\">Hauts-de-France<\/a><\/div>\n\t<div class=\"taxonomy-item-dates\"><a href=\"https:\/\/loom-prod.com\/en\/item-dates\/2022\/\" rel=\"tag\">2022<\/a><\/div>\n\n<\/div>\n","protected":false},"author":3,"featured_media":5005,"comment_status":"closed","ping_status":"open","sticky":false,"template":"","format":"standard","meta":{"_acf_changed":false,"footnotes":""},"categories":[691],"tags":[1168,872,871,341,342,124,1152,117,64,82,131,1275,1276,120,110,116,1265,1267],"item-mapping":[563,277],"item-lieu":[281],"item-dates":[1170],"class_list":["post-5010","post","type-post","status-publish","format-standard","has-post-thumbnail","hentry","category-monument-video-mapping","tag-1168","tag-adrien-tison-en","tag-adrien-tison","tag-aleksi-aubry-carlson","tag-aleksi-aubry-carlson-en","tag-transcient","tag-ephemeral","tag-front","tag-frontal","tag-hauts-de-france","tag-hauts-de-france-en","tag-jardin-du-roy","tag-jardin-du-roy-en","tag-linear","tag-monument-video-mapping","tag-outdoor","tag-senlis","tag-senlis-en","item-mapping-itinerary","item-mapping-mapping-monumental-en","item-lieu-hauts-de-france-en","item-dates-1170"],"acf":[],"yoast_head":"<!-- This site is optimized with the Yoast SEO plugin v26.1.1 - https:\/\/yoast.com\/wordpress\/plugins\/seo\/ -->\n<title>\u00c7A BARDE ! - Jardin du Roy (Gallo-Roman rampart), Senlis, France - Video Mapping Festival 2022 - Loom Prod | Soci\u00e9t\u00e9 de production coop\u00e9rative de video mapping<\/title>\n<meta name=\"robots\" content=\"index, follow, max-snippet:-1, max-image-preview:large, max-video-preview:-1\" \/>\n<link rel=\"canonical\" href=\"https:\/\/loom-prod.com\/ca-barde-jardin-du-roy-rempart-gallo-romain-senlis-france-video-mapping-festival-2022\/\" \/>\n<meta property=\"og:locale\" content=\"en_US\" \/>\n<meta property=\"og:type\" content=\"article\" \/>\n<meta property=\"og:title\" content=\"\u00c7A BARDE ! - Jardin du Roy (Gallo-Roman rampart), Senlis, France - Video Mapping Festival 2022 - Loom Prod | Soci\u00e9t\u00e9 de production coop\u00e9rative de video mapping\" \/>\n<meta property=\"og:description\" content=\"Video mapping created by Rencontres Audiovisuelles as part of the Video Mapping Festival #5. \u25ba \u00c7a barde !Following a barbarian invasion, two little musicians tell us the history of the place in a minimalist and colourful style. Direction and animation:&nbsp;Adrien TISONOriginal music:&nbsp;Aleksi AUBRY-CARLSONGuest of honour: Michael PR\u00c6TORIUS &#8211; Suite N\u00b02 en Sol Majeur&nbsp;: Bransle Double [&hellip;]\" \/>\n<meta property=\"og:url\" content=\"https:\/\/loom-prod.com\/ca-barde-jardin-du-roy-rempart-gallo-romain-senlis-france-video-mapping-festival-2022\/\" \/>\n<meta property=\"og:site_name\" content=\"Loom Prod | Soci\u00e9t\u00e9 de production coop\u00e9rative de video mapping\" \/>\n<meta property=\"article:published_time\" content=\"2022-10-29T05:00:21+00:00\" \/>\n<meta property=\"article:modified_time\" content=\"2023-05-30T10:50:09+00:00\" \/>\n<meta property=\"og:image\" content=\"https:\/\/loom-prod.com\/wp-content\/uploads\/2023\/05\/LOOM_ca_barde_2022_900_500.png\" \/>\n\t<meta property=\"og:image:width\" content=\"900\" \/>\n\t<meta property=\"og:image:height\" content=\"500\" \/>\n\t<meta property=\"og:image:type\" content=\"image\/png\" \/>\n<meta name=\"author\" content=\"Edimestre\" \/>\n<meta name=\"twitter:card\" content=\"summary_large_image\" \/>\n<meta name=\"twitter:label1\" content=\"Written by\" \/>\n\t<meta name=\"twitter:data1\" content=\"Edimestre\" \/>\n\t<meta name=\"twitter:label2\" content=\"Est. reading time\" \/>\n\t<meta name=\"twitter:data2\" content=\"1 minute\" \/>\n<script type=\"application\/ld+json\" class=\"yoast-schema-graph\">{\"@context\":\"https:\/\/schema.org\",\"@graph\":[{\"@type\":\"Article\",\"@id\":\"https:\/\/loom-prod.com\/ca-barde-jardin-du-roy-rempart-gallo-romain-senlis-france-video-mapping-festival-2022\/#article\",\"isPartOf\":{\"@id\":\"https:\/\/loom-prod.com\/ca-barde-jardin-du-roy-rempart-gallo-romain-senlis-france-video-mapping-festival-2022\/\"},\"author\":{\"name\":\"Edimestre\",\"@id\":\"https:\/\/loom-prod.com\/#\/schema\/person\/506136ad599d9c386ea59407d183cef8\"},\"headline\":\"\u00c7A BARDE ! &#8211; Jardin du Roy (Gallo-Roman rampart), Senlis, France &#8211; Video Mapping Festival 2022\",\"datePublished\":\"2022-10-29T05:00:21+00:00\",\"dateModified\":\"2023-05-30T10:50:09+00:00\",\"mainEntityOfPage\":{\"@id\":\"https:\/\/loom-prod.com\/ca-barde-jardin-du-roy-rempart-gallo-romain-senlis-france-video-mapping-festival-2022\/\"},\"wordCount\":125,\"publisher\":{\"@id\":\"https:\/\/loom-prod.com\/#organization\"},\"image\":{\"@id\":\"https:\/\/loom-prod.com\/ca-barde-jardin-du-roy-rempart-gallo-romain-senlis-france-video-mapping-festival-2022\/#primaryimage\"},\"thumbnailUrl\":\"https:\/\/loom-prod.com\/wp-content\/uploads\/2023\/05\/LOOM_ca_barde_2022_900_500.png\",\"keywords\":[\"2022\",\"Adrien TISON\",\"Adrien TISON\",\"Aleksi Aubry-Carlson\",\"Aleksi Aubry-Carlson\",\"Ephemeral\",\"Ephemeral\",\"Frontal\",\"Frontal\",\"Hauts-de-France\",\"Hauts-de-France\",\"Jardin du Roy\",\"Jardin du Roy\",\"linear\",\"Monument video mapping\",\"Outdoor\",\"Senlis\",\"Senlis\"],\"articleSection\":[\"Monument video mapping\"],\"inLanguage\":\"en-US\"},{\"@type\":\"WebPage\",\"@id\":\"https:\/\/loom-prod.com\/ca-barde-jardin-du-roy-rempart-gallo-romain-senlis-france-video-mapping-festival-2022\/\",\"url\":\"https:\/\/loom-prod.com\/ca-barde-jardin-du-roy-rempart-gallo-romain-senlis-france-video-mapping-festival-2022\/\",\"name\":\"\u00c7A BARDE ! - Jardin du Roy (Gallo-Roman rampart), Senlis, France - Video Mapping Festival 2022 - Loom Prod | Soci\u00e9t\u00e9 de production coop\u00e9rative de video mapping\",\"isPartOf\":{\"@id\":\"https:\/\/loom-prod.com\/#website\"},\"primaryImageOfPage\":{\"@id\":\"https:\/\/loom-prod.com\/ca-barde-jardin-du-roy-rempart-gallo-romain-senlis-france-video-mapping-festival-2022\/#primaryimage\"},\"image\":{\"@id\":\"https:\/\/loom-prod.com\/ca-barde-jardin-du-roy-rempart-gallo-romain-senlis-france-video-mapping-festival-2022\/#primaryimage\"},\"thumbnailUrl\":\"https:\/\/loom-prod.com\/wp-content\/uploads\/2023\/05\/LOOM_ca_barde_2022_900_500.png\",\"datePublished\":\"2022-10-29T05:00:21+00:00\",\"dateModified\":\"2023-05-30T10:50:09+00:00\",\"breadcrumb\":{\"@id\":\"https:\/\/loom-prod.com\/ca-barde-jardin-du-roy-rempart-gallo-romain-senlis-france-video-mapping-festival-2022\/#breadcrumb\"},\"inLanguage\":\"en-US\",\"potentialAction\":[{\"@type\":\"ReadAction\",\"target\":[\"https:\/\/loom-prod.com\/ca-barde-jardin-du-roy-rempart-gallo-romain-senlis-france-video-mapping-festival-2022\/\"]}]},{\"@type\":\"ImageObject\",\"inLanguage\":\"en-US\",\"@id\":\"https:\/\/loom-prod.com\/ca-barde-jardin-du-roy-rempart-gallo-romain-senlis-france-video-mapping-festival-2022\/#primaryimage\",\"url\":\"https:\/\/loom-prod.com\/wp-content\/uploads\/2023\/05\/LOOM_ca_barde_2022_900_500.png\",\"contentUrl\":\"https:\/\/loom-prod.com\/wp-content\/uploads\/2023\/05\/LOOM_ca_barde_2022_900_500.png\",\"width\":900,\"height\":500},{\"@type\":\"BreadcrumbList\",\"@id\":\"https:\/\/loom-prod.com\/ca-barde-jardin-du-roy-rempart-gallo-romain-senlis-france-video-mapping-festival-2022\/#breadcrumb\",\"itemListElement\":[{\"@type\":\"ListItem\",\"position\":1,\"name\":\"Accueil\",\"item\":\"https:\/\/loom-prod.com\/?lang=en\"},{\"@type\":\"ListItem\",\"position\":2,\"name\":\"\u00c7A BARDE ! &#8211; Jardin du Roy (Gallo-Roman rampart), Senlis, France &#8211; Video Mapping Festival 2022\"}]},{\"@type\":\"WebSite\",\"@id\":\"https:\/\/loom-prod.com\/#website\",\"url\":\"https:\/\/loom-prod.com\/\",\"name\":\"Loom Prod | Soci\u00e9t\u00e9 de production coop\u00e9rative de video mapping\",\"description\":\"Loom Prod | Soci\u00e9t\u00e9 de production coop\u00e9rative de video mapping\",\"publisher\":{\"@id\":\"https:\/\/loom-prod.com\/#organization\"},\"potentialAction\":[{\"@type\":\"SearchAction\",\"target\":{\"@type\":\"EntryPoint\",\"urlTemplate\":\"https:\/\/loom-prod.com\/?s={search_term_string}\"},\"query-input\":{\"@type\":\"PropertyValueSpecification\",\"valueRequired\":true,\"valueName\":\"search_term_string\"}}],\"inLanguage\":\"en-US\"},{\"@type\":\"Organization\",\"@id\":\"https:\/\/loom-prod.com\/#organization\",\"name\":\"Video Mapping European Center\",\"url\":\"https:\/\/loom-prod.com\/\",\"logo\":{\"@type\":\"ImageObject\",\"inLanguage\":\"en-US\",\"@id\":\"https:\/\/loom-prod.com\/#\/schema\/logo\/image\/\",\"url\":\"https:\/\/loom-prod.com\/wp-content\/uploads\/2017\/07\/logo-v3.png\",\"contentUrl\":\"https:\/\/loom-prod.com\/wp-content\/uploads\/2017\/07\/logo-v3.png\",\"width\":300,\"height\":135,\"caption\":\"Video Mapping European Center\"},\"image\":{\"@id\":\"https:\/\/loom-prod.com\/#\/schema\/logo\/image\/\"}},{\"@type\":\"Person\",\"@id\":\"https:\/\/loom-prod.com\/#\/schema\/person\/506136ad599d9c386ea59407d183cef8\",\"name\":\"Edimestre\",\"image\":{\"@type\":\"ImageObject\",\"inLanguage\":\"en-US\",\"@id\":\"https:\/\/loom-prod.com\/#\/schema\/person\/image\/\",\"url\":\"https:\/\/loom-prod.com\/wp-content\/uploads\/2017\/11\/favicon.jpg\",\"contentUrl\":\"https:\/\/loom-prod.com\/wp-content\/uploads\/2017\/11\/favicon.jpg\",\"caption\":\"Edimestre\"}}]}<\/script>\n<!-- \/ Yoast SEO plugin. -->","yoast_head_json":{"title":"\u00c7A BARDE ! - Jardin du Roy (Gallo-Roman rampart), Senlis, France - Video Mapping Festival 2022 - Loom Prod | Soci\u00e9t\u00e9 de production coop\u00e9rative de video mapping","robots":{"index":"index","follow":"follow","max-snippet":"max-snippet:-1","max-image-preview":"max-image-preview:large","max-video-preview":"max-video-preview:-1"},"canonical":"https:\/\/loom-prod.com\/ca-barde-jardin-du-roy-rempart-gallo-romain-senlis-france-video-mapping-festival-2022\/","og_locale":"en_US","og_type":"article","og_title":"\u00c7A BARDE ! - Jardin du Roy (Gallo-Roman rampart), Senlis, France - Video Mapping Festival 2022 - Loom Prod | Soci\u00e9t\u00e9 de production coop\u00e9rative de video mapping","og_description":"Video mapping created by Rencontres Audiovisuelles as part of the Video Mapping Festival #5. \u25ba \u00c7a barde !Following a barbarian invasion, two little musicians tell us the history of the place in a minimalist and colourful style. Direction and animation:&nbsp;Adrien TISONOriginal music:&nbsp;Aleksi AUBRY-CARLSONGuest of honour: Michael PR\u00c6TORIUS &#8211; Suite N\u00b02 en Sol Majeur&nbsp;: Bransle Double [&hellip;]","og_url":"https:\/\/loom-prod.com\/ca-barde-jardin-du-roy-rempart-gallo-romain-senlis-france-video-mapping-festival-2022\/","og_site_name":"Loom Prod | Soci\u00e9t\u00e9 de production coop\u00e9rative de video mapping","article_published_time":"2022-10-29T05:00:21+00:00","article_modified_time":"2023-05-30T10:50:09+00:00","og_image":[{"width":900,"height":500,"url":"https:\/\/loom-prod.com\/wp-content\/uploads\/2023\/05\/LOOM_ca_barde_2022_900_500.png","type":"image\/png"}],"author":"Edimestre","twitter_card":"summary_large_image","twitter_misc":{"Written by":"Edimestre","Est. reading time":"1 minute"},"schema":{"@context":"https:\/\/schema.org","@graph":[{"@type":"Article","@id":"https:\/\/loom-prod.com\/ca-barde-jardin-du-roy-rempart-gallo-romain-senlis-france-video-mapping-festival-2022\/#article","isPartOf":{"@id":"https:\/\/loom-prod.com\/ca-barde-jardin-du-roy-rempart-gallo-romain-senlis-france-video-mapping-festival-2022\/"},"author":{"name":"Edimestre","@id":"https:\/\/loom-prod.com\/#\/schema\/person\/506136ad599d9c386ea59407d183cef8"},"headline":"\u00c7A BARDE ! &#8211; Jardin du Roy (Gallo-Roman rampart), Senlis, France &#8211; Video Mapping Festival 2022","datePublished":"2022-10-29T05:00:21+00:00","dateModified":"2023-05-30T10:50:09+00:00","mainEntityOfPage":{"@id":"https:\/\/loom-prod.com\/ca-barde-jardin-du-roy-rempart-gallo-romain-senlis-france-video-mapping-festival-2022\/"},"wordCount":125,"publisher":{"@id":"https:\/\/loom-prod.com\/#organization"},"image":{"@id":"https:\/\/loom-prod.com\/ca-barde-jardin-du-roy-rempart-gallo-romain-senlis-france-video-mapping-festival-2022\/#primaryimage"},"thumbnailUrl":"https:\/\/loom-prod.com\/wp-content\/uploads\/2023\/05\/LOOM_ca_barde_2022_900_500.png","keywords":["2022","Adrien TISON","Adrien TISON","Aleksi Aubry-Carlson","Aleksi Aubry-Carlson","Ephemeral","Ephemeral","Frontal","Frontal","Hauts-de-France","Hauts-de-France","Jardin du Roy","Jardin du Roy","linear","Monument video mapping","Outdoor","Senlis","Senlis"],"articleSection":["Monument video mapping"],"inLanguage":"en-US"},{"@type":"WebPage","@id":"https:\/\/loom-prod.com\/ca-barde-jardin-du-roy-rempart-gallo-romain-senlis-france-video-mapping-festival-2022\/","url":"https:\/\/loom-prod.com\/ca-barde-jardin-du-roy-rempart-gallo-romain-senlis-france-video-mapping-festival-2022\/","name":"\u00c7A BARDE ! - Jardin du Roy (Gallo-Roman rampart), Senlis, France - Video Mapping Festival 2022 - Loom Prod | Soci\u00e9t\u00e9 de production coop\u00e9rative de video mapping","isPartOf":{"@id":"https:\/\/loom-prod.com\/#website"},"primaryImageOfPage":{"@id":"https:\/\/loom-prod.com\/ca-barde-jardin-du-roy-rempart-gallo-romain-senlis-france-video-mapping-festival-2022\/#primaryimage"},"image":{"@id":"https:\/\/loom-prod.com\/ca-barde-jardin-du-roy-rempart-gallo-romain-senlis-france-video-mapping-festival-2022\/#primaryimage"},"thumbnailUrl":"https:\/\/loom-prod.com\/wp-content\/uploads\/2023\/05\/LOOM_ca_barde_2022_900_500.png","datePublished":"2022-10-29T05:00:21+00:00","dateModified":"2023-05-30T10:50:09+00:00","breadcrumb":{"@id":"https:\/\/loom-prod.com\/ca-barde-jardin-du-roy-rempart-gallo-romain-senlis-france-video-mapping-festival-2022\/#breadcrumb"},"inLanguage":"en-US","potentialAction":[{"@type":"ReadAction","target":["https:\/\/loom-prod.com\/ca-barde-jardin-du-roy-rempart-gallo-romain-senlis-france-video-mapping-festival-2022\/"]}]},{"@type":"ImageObject","inLanguage":"en-US","@id":"https:\/\/loom-prod.com\/ca-barde-jardin-du-roy-rempart-gallo-romain-senlis-france-video-mapping-festival-2022\/#primaryimage","url":"https:\/\/loom-prod.com\/wp-content\/uploads\/2023\/05\/LOOM_ca_barde_2022_900_500.png","contentUrl":"https:\/\/loom-prod.com\/wp-content\/uploads\/2023\/05\/LOOM_ca_barde_2022_900_500.png","width":900,"height":500},{"@type":"BreadcrumbList","@id":"https:\/\/loom-prod.com\/ca-barde-jardin-du-roy-rempart-gallo-romain-senlis-france-video-mapping-festival-2022\/#breadcrumb","itemListElement":[{"@type":"ListItem","position":1,"name":"Accueil","item":"https:\/\/loom-prod.com\/?lang=en"},{"@type":"ListItem","position":2,"name":"\u00c7A BARDE ! &#8211; Jardin du Roy (Gallo-Roman rampart), Senlis, France &#8211; Video Mapping Festival 2022"}]},{"@type":"WebSite","@id":"https:\/\/loom-prod.com\/#website","url":"https:\/\/loom-prod.com\/","name":"Loom Prod | Soci\u00e9t\u00e9 de production coop\u00e9rative de video mapping","description":"Loom Prod | Soci\u00e9t\u00e9 de production coop\u00e9rative de video mapping","publisher":{"@id":"https:\/\/loom-prod.com\/#organization"},"potentialAction":[{"@type":"SearchAction","target":{"@type":"EntryPoint","urlTemplate":"https:\/\/loom-prod.com\/?s={search_term_string}"},"query-input":{"@type":"PropertyValueSpecification","valueRequired":true,"valueName":"search_term_string"}}],"inLanguage":"en-US"},{"@type":"Organization","@id":"https:\/\/loom-prod.com\/#organization","name":"Video Mapping European Center","url":"https:\/\/loom-prod.com\/","logo":{"@type":"ImageObject","inLanguage":"en-US","@id":"https:\/\/loom-prod.com\/#\/schema\/logo\/image\/","url":"https:\/\/loom-prod.com\/wp-content\/uploads\/2017\/07\/logo-v3.png","contentUrl":"https:\/\/loom-prod.com\/wp-content\/uploads\/2017\/07\/logo-v3.png","width":300,"height":135,"caption":"Video Mapping European Center"},"image":{"@id":"https:\/\/loom-prod.com\/#\/schema\/logo\/image\/"}},{"@type":"Person","@id":"https:\/\/loom-prod.com\/#\/schema\/person\/506136ad599d9c386ea59407d183cef8","name":"Edimestre","image":{"@type":"ImageObject","inLanguage":"en-US","@id":"https:\/\/loom-prod.com\/#\/schema\/person\/image\/","url":"https:\/\/loom-prod.com\/wp-content\/uploads\/2017\/11\/favicon.jpg","contentUrl":"https:\/\/loom-prod.com\/wp-content\/uploads\/2017\/11\/favicon.jpg","caption":"Edimestre"}}]}},"_links":{"self":[{"href":"https:\/\/loom-prod.com\/en\/wp-json\/wp\/v2\/posts\/5010","targetHints":{"allow":["GET"]}}],"collection":[{"href":"https:\/\/loom-prod.com\/en\/wp-json\/wp\/v2\/posts"}],"about":[{"href":"https:\/\/loom-prod.com\/en\/wp-json\/wp\/v2\/types\/post"}],"author":[{"embeddable":true,"href":"https:\/\/loom-prod.com\/en\/wp-json\/wp\/v2\/users\/3"}],"replies":[{"embeddable":true,"href":"https:\/\/loom-prod.com\/en\/wp-json\/wp\/v2\/comments?post=5010"}],"version-history":[{"count":5,"href":"https:\/\/loom-prod.com\/en\/wp-json\/wp\/v2\/posts\/5010\/revisions"}],"predecessor-version":[{"id":5018,"href":"https:\/\/loom-prod.com\/en\/wp-json\/wp\/v2\/posts\/5010\/revisions\/5018"}],"wp:featuredmedia":[{"embeddable":true,"href":"https:\/\/loom-prod.com\/en\/wp-json\/wp\/v2\/media\/5005"}],"wp:attachment":[{"href":"https:\/\/loom-prod.com\/en\/wp-json\/wp\/v2\/media?parent=5010"}],"wp:term":[{"taxonomy":"category","embeddable":true,"href":"https:\/\/loom-prod.com\/en\/wp-json\/wp\/v2\/categories?post=5010"},{"taxonomy":"post_tag","embeddable":true,"href":"https:\/\/loom-prod.com\/en\/wp-json\/wp\/v2\/tags?post=5010"},{"taxonomy":"item-mapping","embeddable":true,"href":"https:\/\/loom-prod.com\/en\/wp-json\/wp\/v2\/item-mapping?post=5010"},{"taxonomy":"item-lieu","embeddable":true,"href":"https:\/\/loom-prod.com\/en\/wp-json\/wp\/v2\/item-lieu?post=5010"},{"taxonomy":"item-dates","embeddable":true,"href":"https:\/\/loom-prod.com\/en\/wp-json\/wp\/v2\/item-dates?post=5010"}],"curies":[{"name":"wp","href":"https:\/\/api.w.org\/{rel}","templated":true}]}}